{"id":32,"date":"2018-09-14T13:52:48","date_gmt":"2018-09-14T11:52:48","guid":{"rendered":"https:\/\/powiatjanowski.pl\/egeodezja\/?p=32"},"modified":"2021-10-22T14:29:02","modified_gmt":"2021-10-22T12:29:02","slug":"umowa-na-realizacje-ii-etapu-prac-geodezyjnych-dla-czesci-47-gmina-chrzanow-podpisana","status":"publish","type":"post","link":"https:\/\/powiatjanowski.pl\/egeodezja\/?p=32","title":{"rendered":"Umowa na realizacj\u0119 II etapu prac geodezyjnych dla cz\u0119\u015bci 47 gmina Chrzan\u00f3w podpisana"},"content":{"rendered":"<p>W dniu 14 sierpnia 2018 roku przedstawiciele powiatu: Starosta Grzegorz Pyrzyna, Wicestarosta Antoni Kulpa oraz Skarbnik Powiatu Barbara Fuszara podpisali umow\u0119 z GEORES Sp. z o.o. reprezentowanym przez Prezesa Zarz\u0105du Rafa\u0142a Krask\u0119 na wykonanie modernizacji ewidencji grunt\u00f3w i budynk\u00f3w poprzez utworzenie baz danych EGiB, utworzenie inicjalnej bazy GESUT oraz utworzenie bazy BDOT500 dla gminy Chrzan\u00f3w w ramach projektu partnerskiego \u201e e- Geodezja cyfrowy zas\u00f3b geodezyjny wojew\u00f3dztwa lubelskiego\u201d realizowanego w ramach Regionalnego Programu Operacyjnego Wojew\u00f3dztwa Lubelskiego na lata 2014-2020. W podpisaniu umowy uczestniczy\u0142 tak\u017ce Naczelnik Wydzia\u0142u Geodezji, Kartografii i Katastru &#8211; Jan Rogala. Planowany termin zako\u0144czenia realizacji umowy to luty 2020 roku.<\/p>\n<p><a href=\"https:\/\/powiatjanowski.pl\/egeodezja\/wp-content\/uploads\/2021\/10\/unia01.jpg\"><img loading=\"lazy\" decoding=\"async\" class=\"alignnone wp-image-74 size-full\" src=\"https:\/\/powiatjanowski.pl\/egeodezja\/wp-content\/uploads\/2021\/10\/unia01.jpg\" alt=\"Grafika przedstawia flag\u0119 Poski i Unii Europejskiej razem z logotypami Programu Regionalnego Fundusze Europejskie i Lubelskie Smakuj \u017cycie\" width=\"2344\" height=\"322\" \/><\/a><\/p>\n<p>&nbsp;<\/p>\n","protected":false},"excerpt":{"rendered":"<p>W dniu 14 sierpnia 2018 roku przedstawiciele powiatu: Starosta Grzegorz Pyrzyna, Wicestarosta Antoni Kulpa oraz Skarbnik Powiatu Barbara Fuszara podpisali umow\u0119 z GEORES Sp. z o.o. reprezentowanym przez Prezesa Zarz\u0105du Rafa\u0142a Krask\u0119 na wykonanie modernizacji ewidencji grunt\u00f3w i budynk\u00f3w poprzez utworzenie baz danych EGiB, utworzenie inicjalnej bazy GESUT oraz utworzenie bazy BDOT500 dla gminy Chrzan\u00f3w [&hellip;]<\/p>\n","protected":false},"author":3,"featured_media":0,"comment_status":"open","ping_status":"open","sticky":false,"template":"","format":"standard","meta":{"footnotes":""},"categories":[1],"tags":[],"class_list":["post-32","post","type-post","status-publish","format-standard","hentry","category-bez-kategorii"],"_links":{"self":[{"href":"https:\/\/powiatjanowski.pl\/egeodezja\/index.php?rest_route=\/wp\/v2\/posts\/32","targetHints":{"allow":["GET"]}}],"collection":[{"href":"https:\/\/powiatjanowski.pl\/egeodezja\/index.php?rest_route=\/wp\/v2\/posts"}],"about":[{"href":"https:\/\/powiatjanowski.pl\/egeodezja\/index.php?rest_route=\/wp\/v2\/types\/post"}],"author":[{"embeddable":true,"href":"https:\/\/powiatjanowski.pl\/egeodezja\/index.php?rest_route=\/wp\/v2\/users\/3"}],"replies":[{"embeddable":true,"href":"https:\/\/powiatjanowski.pl\/egeodezja\/index.php?rest_route=%2Fwp%2Fv2%2Fcomments&post=32"}],"version-history":[{"count":3,"href":"https:\/\/powiatjanowski.pl\/egeodezja\/index.php?rest_route=\/wp\/v2\/posts\/32\/revisions"}],"predecessor-version":[{"id":82,"href":"https:\/\/powiatjanowski.pl\/egeodezja\/index.php?rest_route=\/wp\/v2\/posts\/32\/revisions\/82"}],"wp:attachment":[{"href":"https:\/\/powiatjanowski.pl\/egeodezja\/index.php?rest_route=%2Fwp%2Fv2%2Fmedia&parent=32"}],"wp:term":[{"taxonomy":"category","embeddable":true,"href":"https:\/\/powiatjanowski.pl\/egeodezja\/index.php?rest_route=%2Fwp%2Fv2%2Fcategories&post=32"},{"taxonomy":"post_tag","embeddable":true,"href":"https:\/\/powiatjanowski.pl\/egeodezja\/index.php?rest_route=%2Fwp%2Fv2%2Ftags&post=32"}],"curies":[{"name":"wp","href":"https:\/\/api.w.org\/{rel}","templated":true}]}}