{"id":88,"date":"2021-11-25T10:46:58","date_gmt":"2021-11-25T09:46:58","guid":{"rendered":"https:\/\/powiatjanowski.pl\/egeodezja\/?p=88"},"modified":"2021-11-25T11:44:15","modified_gmt":"2021-11-25T10:44:15","slug":"e-geodezja-urzad-w-twoim-domu","status":"publish","type":"post","link":"https:\/\/powiatjanowski.pl\/egeodezja\/?p=88","title":{"rendered":"E-geodezja \u2013 urz\u0105d w Twoim domu"},"content":{"rendered":"\n<!--more-->\n\n\n\n<figure class=\"wp-block-embed is-type-video is-provider-youtube wp-block-embed-youtube wp-embed-aspect-16-9 wp-has-aspect-ratio\"><div class=\"wp-block-embed__wrapper\">\n<iframe loading=\"lazy\" title=\"E-Geodezja\" width=\"640\" height=\"360\" src=\"https:\/\/www.youtube.com\/embed\/KcwB_KYp5dk?feature=oembed\" frameborder=\"0\" allow=\"accelerometer; autoplay; clipboard-write; encrypted-media; gyroscope; picture-in-picture; web-share\" referrerpolicy=\"strict-origin-when-cross-origin\" allowfullscreen><\/iframe>\n<\/div><\/figure>\n\n\n<p><\/p>\n<p style=\"text-align: center;\"><strong>E-geodezja \u2013 urz\u0105d w Twoim domu<\/strong><\/p>\n<p><\/p>\n<p>Coraz wi\u0119cej spraw urz\u0119dowych z zakresu geodezji i kartografii mo\u017cna realizowa\u0107 na odleg\u0142o\u015b\u0107, bez konieczno\u015bci odwiedzania siedziby urz\u0119du, przez siedem dni w tygodniu i to przez ca\u0142\u0105 dob\u0119. Ka\u017cdy chc\u0105cy za\u0142atwi\u0107 sprawy z zakresu geodezji i kartografii, siedz\u0105c wygodnie przed komputerem, mo\u017ce zam\u00f3wi\u0107 mapy ewidencyjne czy cz\u0119\u015b\u0107 z dost\u0119pnych danych z geodezyjnych rejestr\u00f3w. Ca\u0142y proces zamawiania i otrzymywania wybranych danych i op\u0142aty odbywa si\u0119 podobnie do tego w sklepie internetowym.<\/p>\n<p><span style=\"color: initial; font-size: revert;\">Wszyscy zainteresowani uzyskaniem danych z pa\u0144stwowego zasobu geodezyjnego i kartograficznego, w tym: rzeczoznawcy maj\u0105tkowi, komornicy s\u0105dowi, geodeci oraz osoby fizyczne i lokalni przedsi\u0119biorcy, korzystaj\u0105c z oprogramowania do \u015bwiadczenia tzw. e-us\u0142ug \u2013 GEOPORTALU mog\u0105 przes\u0142a\u0107 wniosek do starostwa.<\/span><\/p>\n<p>By zam\u00f3wi\u0107 mapy ewidencyjne czy zasadnicze wystarczy, \u017ce zainteresowana osoba z\u0142o\u017cy odpowiedni wniosek za pomoc\u0105 formularza w Geoportalu, a zam\u00f3wione dane przes\u0142ane zostan\u0105 drog\u0105 elektroniczn\u0105. Zamawianie dokument\u00f3w, takich jak wypisy i wyrysy, mo\u017cliwe jest dla zweryfikowanych u\u017cytkownik\u00f3w \u2013 na przyk\u0142ad za pomoc\u0105 Profilu Zaufanego.<\/p>\n<p>Przeniesienie cz\u0119\u015bci us\u0142ug do realizacji przez internet, znacz\u0105co skraca czas realizacji cz\u0119\u015bci wniosk\u00f3w, szczeg\u00f3lnie w obecnym czasie pandemii. Osoby korzystaj\u0105ce z e-us\u0142ug zaoszcz\u0119dz\u0105 zar\u00f3wno pieni\u0105dze, jak i czas, kt\u00f3ry do tej pory po\u015bwi\u0119cali na dojazd do urz\u0119du oraz oczekiwanie na realizacj\u0119 sprawy. Dost\u0119p do wybranych zasob\u00f3w w ka\u017cdym momencie umo\u017cliwia optymalizowa\u0107 w\u0142asn\u0105 dzia\u0142alno\u015b\u0107 i poprawi\u0107 warunki konkurencyjno\u015bci na rynku lokalnym i krajowym. Nale\u017cy dodatkowo zauwa\u017cy\u0107, \u017ce wdro\u017cenie e-us\u0142ug stanowi nieocenion\u0105 pomoc dla os\u00f3b niepe\u0142nosprawnych lub z ograniczeniami ruchowymi, kt\u00f3re maj\u0105 mo\u017cliwo\u015b\u0107 zdalnego pozyskiwania danych z geodezyjnych rejestr\u00f3w publicznych.<\/p>\n<p>Wszystko to mo\u017cliwe jest dzi\u0119ki realizacji projektu <strong>\u201ee-Geodezja cyfrowy zas\u00f3b geodezyjny wojew\u00f3dztwa lubelskiego\u201d<\/strong>. Jest to partnerski projekt wszystkich powiat\u00f3w wojew\u00f3dztwa lubelskiego.<\/p>\n<p>Realizacja projektu \u201ee-Geodezja cyfrowy zas\u00f3b geodezyjny wojew\u00f3dztwa lubelskiego rozpocz\u0119\u0142a si\u0119 w 2016 roku a jego zako\u0144czenie planowane jest na koniec 2021 roku. \u0141\u0105czna warto\u015b\u0107 wydatk\u00f3w to ponad 187,5 mln z\u0142otych, z czego 85% to \u015brodki pochodz\u0105ce z bud\u017cetu Unii Europejskiej.<\/p>\n<p>Zadanie na kt\u00f3re przeznaczono\u00a0 najwi\u0119ksz\u0105 cz\u0119\u015b\u0107 bud\u017cetu obejmowa\u0142a realizacj\u0119 prac geodezyjnych: modernizacj\u0119 Ewidencji Grunt\u00f3w i Budynk\u00f3w, za\u0142o\u017cenie baz BDOT500 i GESUT &#8211;\u00a0 \u0142\u0105czne nak\u0142ady na to zadanie to ponad 158 mln z\u0142 (144 podpisanych um\u00f3w pomi\u0119dzy Partnerami Projektu a Wykonawcami \u2013 firmami geodezyjnymi).<\/p>\n<p>Dodatkowo w ramach projektu opracowano cyfrow\u0105 ortofotomap\u0119, obejmuj\u0105c\u0105 zdj\u0119cia lotnicze terenu wszystkich dwudziestu powiat\u00f3w ziemskich wojew\u00f3dztwa lubelskiego. Aktualn\u0105 ortofotomap\u0119 mo\u017cna zobaczy\u0107 na stronie internetowej G\u0142\u00f3wnego Urz\u0119du Geodezji i Kartografii &#8211; <a href=\"http:\/\/mapy.geoportal.gov.pl\/\">http:\/\/mapy.geoportal.gov.pl\/<\/a><\/p>\n<p>Spo\u015br\u00f3d pozosta\u0142ych zada\u0144 projektowych mo\u017cna wymieni\u0107 m.in.: nadz\u00f3r nad wykonaniem prac geodezyjnych i kartograficznych, skanowanie dokument\u00f3w pa\u0144stwowego zasobu geodezyjnego i\u00a0kartograficznego, zakup sprz\u0119tu informatycznego, zakup oprogramowania do utworzenia lub rozbudowy istniej\u0105cych geoportali do \u015bwiadczenia e-us\u0142ug.<\/p>\n<p>\u00a0<\/p>\n<p>Przyk\u0142adowe e-us\u0142ugi udost\u0119pnione w geoportalu <a href=\"https:\/\/janow.geoportal2.pl\/\">https:\/\/janow.geoportal2.pl\/<\/a>:<\/p>\n<ul>\n<li><u>Dla wszystkich klient\u00f3w:<\/u><\/li>\n<\/ul>\n<p>&#8211; dost\u0119p do mapy ewidencyjnej oraz zasadniczej z mo\u017cliwo\u015bci\u0105 przybli\u017conego pomiaru odleg\u0142o\u015bci i powierzchni,<\/p>\n<p>&#8211; zam\u00f3wienie wypisu i wyrysu z ewidencji grunt\u00f3w i budynk\u00f3w,<\/p>\n<p>&#8211; zam\u00f3wienie kopii mapy zasadniczej,<\/p>\n<p>&#8211; zam\u00f3wienie kopii baz danych: EGiB, BDOT500, GESUT<\/p>\n<ul>\n<li><u>Dla pracownik\u00f3w urz\u0119d\u00f3w gmin:<\/u><\/li>\n<\/ul>\n<p>&#8211; dost\u0119p do aktualnej cz\u0119\u015bci opisowej ewidencji grunt\u00f3w i budynk\u00f3w<\/p>\n<ul>\n<li><u>Dla projektant\u00f3w, pracownik\u00f3w urz\u0119d\u00f3w gminy, jednostek zarz\u0105dzaj\u0105cych sieciami uzbrojenia terenu:<\/u><\/li>\n<\/ul>\n<p>&#8211; elektroniczne narady koordynacyjne (dawniej ZUD)<\/p>\n<ul>\n<li><u>Dla geodet\u00f3w:<\/u><\/li>\n<\/ul>\n<p>&#8211;\u00a0 obs\u0142uga zg\u0142osze\u0144 prac geodezyjnych<\/p>\n<ul>\n<li><u>Dla rzeczoznawc\u00f3w maj\u0105tkowych:<\/u><\/li>\n<\/ul>\n<p>&#8211; informacje z rejestru cen i warto\u015bci nieruchomo\u015bci<\/p>\n<ul>\n<li><u>Dla komornik\u00f3w:<\/u><\/li>\n<\/ul>\n<p>&#8211; potwierdzenie czy osoba figuruje w ewidencji grunt\u00f3w i budynk\u00f3w<\/p>\n<p>\u00a0<\/p>\n<p>Projekt \u201ee-Geodezja cyfrowy zas\u00f3b geodezyjny wojew\u00f3dztwa lubelskiego\u201d realizowany jest w ramach Regionalnego Programu Operacyjnego Wojew\u00f3dztwa Lubelskiego na lata 2014-2020, Osi Priorytetowej 2 Cyfrowe Lubelskie, Dzia\u0142anie 2.1 Cyfrowe Lubelskie, w formie wsp\u00f3\u0142finansowania ze \u015brodk\u00f3w unijnych oraz bud\u017cetu pa\u0144stwa<\/p>\n<p><strong>Lider projektu:<\/strong>\u00a0 Powiat Lubelski, partnerzy: Powiat Bialski, Powiat Bi\u0142gorajski, Powiat Che\u0142mski, Powiat Hrubieszowski, Powiat Janowski, Powiat Krasnostawski, Powiat Kra\u015bnicki, Powiat Lubartowski, Powiat \u0141\u0119czy\u0144ski, Powiat \u0141ukowski, Powiat Opolski, Powiat Parczewski, Powiat Pu\u0142awski, Powiat Radzy\u0144ski, Powiat Rycki, Powiat \u015awidnicki w \u015awidniku, Powiat Tomaszowski, Powiat W\u0142odawski, Powiat Zamojski.<\/p>\n<p><strong>Dofinansowanie projektu z UE:<\/strong>\u00a0159\u00a0375 000,00 z\u0142<\/p>\n<p>Umowa o dofinansowanie: RPLU.02.01.00-06-0039\/16-00 z dnia 18 lipca 2017 r.<\/p>\n<p>\u00a0<\/p>\n\n\n<figure class=\"wp-block-image size-full\"><img loading=\"lazy\" decoding=\"async\" width=\"470\" height=\"700\" src=\"https:\/\/powiatjanowski.pl\/egeodezja\/wp-content\/uploads\/2021\/11\/tabela_egeodezja.jpg\" alt=\"\" class=\"wp-image-90\" srcset=\"https:\/\/powiatjanowski.pl\/egeodezja\/wp-content\/uploads\/2021\/11\/tabela_egeodezja.jpg 470w, https:\/\/powiatjanowski.pl\/egeodezja\/wp-content\/uploads\/2021\/11\/tabela_egeodezja-201x300.jpg 201w\" sizes=\"auto, (max-width: 470px) 100vw, 470px\" \/><\/figure>\n\n\n\n<p><\/p>\n","protected":false},"excerpt":{"rendered":"","protected":false},"author":4,"featured_media":109,"comment_status":"open","ping_status":"open","sticky":false,"template":"","format":"standard","meta":{"footnotes":""},"categories":[1],"tags":[],"class_list":["post-88","post","type-post","status-publish","format-standard","has-post-thumbnail","hentry","category-bez-kategorii"],"_links":{"self":[{"href":"https:\/\/powiatjanowski.pl\/egeodezja\/index.php?rest_route=\/wp\/v2\/posts\/88","targetHints":{"allow":["GET"]}}],"collection":[{"href":"https:\/\/powiatjanowski.pl\/egeodezja\/index.php?rest_route=\/wp\/v2\/posts"}],"about":[{"href":"https:\/\/powiatjanowski.pl\/egeodezja\/index.php?rest_route=\/wp\/v2\/types\/post"}],"author":[{"embeddable":true,"href":"https:\/\/powiatjanowski.pl\/egeodezja\/index.php?rest_route=\/wp\/v2\/users\/4"}],"replies":[{"embeddable":true,"href":"https:\/\/powiatjanowski.pl\/egeodezja\/index.php?rest_route=%2Fwp%2Fv2%2Fcomments&post=88"}],"version-history":[{"count":16,"href":"https:\/\/powiatjanowski.pl\/egeodezja\/index.php?rest_route=\/wp\/v2\/posts\/88\/revisions"}],"predecessor-version":[{"id":111,"href":"https:\/\/powiatjanowski.pl\/egeodezja\/index.php?rest_route=\/wp\/v2\/posts\/88\/revisions\/111"}],"wp:featuredmedia":[{"embeddable":true,"href":"https:\/\/powiatjanowski.pl\/egeodezja\/index.php?rest_route=\/wp\/v2\/media\/109"}],"wp:attachment":[{"href":"https:\/\/powiatjanowski.pl\/egeodezja\/index.php?rest_route=%2Fwp%2Fv2%2Fmedia&parent=88"}],"wp:term":[{"taxonomy":"category","embeddable":true,"href":"https:\/\/powiatjanowski.pl\/egeodezja\/index.php?rest_route=%2Fwp%2Fv2%2Fcategories&post=88"},{"taxonomy":"post_tag","embeddable":true,"href":"https:\/\/powiatjanowski.pl\/egeodezja\/index.php?rest_route=%2Fwp%2Fv2%2Ftags&post=88"}],"curies":[{"name":"wp","href":"https:\/\/api.w.org\/{rel}","templated":true}]}}