{"id":59,"date":"2019-04-29T09:16:54","date_gmt":"2019-04-29T07:16:54","guid":{"rendered":"https:\/\/powiatjanowski.pl\/ksztzaw\/?p=59"},"modified":"2021-10-22T14:23:18","modified_gmt":"2021-10-22T12:23:18","slug":"prace-modernizacyjne-na-warsztatach-szkolnych-zst-rozpoczete","status":"publish","type":"post","link":"https:\/\/powiatjanowski.pl\/ksztzaw\/?p=59","title":{"rendered":"Prace modernizacyjne na warsztatach szkolnych ZST rozpocz\u0119te!"},"content":{"rendered":"<p>Rozpocz\u0119\u0142a si\u0119 modernizacja pracowni na warsztatach szkolnych Zespo\u0142u Szk\u00f3\u0142 Technicznych w ramach projektu pt.<strong> ,,Poprawa infrastruktury kszta\u0142cenia zawodowego w szko\u0142ach Powiatu Janowskiego\u201d<\/strong> realizowanego w ramach Regionalnego Programu Operacyjnego Wojew\u00f3dztwa Lubelskiego na lata 2014-2020. Zadanie ma zosta\u0107 wykonane do ko\u0144ca wrze\u015bnia bie\u017c\u0105cego roku.<\/p>\n<p><!--more--><\/p>\n<p>W dniu 17 kwietnia 2019 r. zosta\u0142a podpisana umowa na wykonanie rob\u00f3t budowlanych. Wykonawc\u0105 zam\u00f3wienia jest Konsorcjum \u2013 Lider: Firma Us\u0142ugowo-Handlowa ELBUDPOL Wies\u0142aw Ma\u0142ek ze Stalowej Woli i Partner: Firma STALBUD Kazimierz M\u0142ynarski r\u00f3wnie\u017c ze Stalowej Woli. Warto\u015b\u0107 umowy to 2 678 079,00 z\u0142. Prace b\u0119d\u0105 polega\u0107 na kompleksowej modernizacji pomieszcze\u0144 warsztat\u00f3w: wiatro\u0142apu, korytarzy, \u015bwietlicy, szatni, pomieszczenia socjalnego, sanitariat\u00f3w, pomieszczenia gospodarczego, sal lekcyjnych oraz pracowni. Zostanie wydzielone wc dla os\u00f3b niepe\u0142nosprawnych. Modernizacja b\u0119dzie polega\u0107 m.in. na wymianie drzwi, posadzek, ok\u0142adzin \u015bciennych i pod\u0142ogowych, instalacji elektrycznej, wodno-kanalizacyjnej, wykonaniu wentylacji, malowaniu \u015bcian i sufit\u00f3w. W dniu 17 kwietnia 2019 r. podpisano tak\u017ce umow\u0119 na pe\u0142nienie nadzoru inwestorskiego nad powy\u017cszym zadaniem z firm\u0105 M.S.Konstruktor Nadzory Inwestorskie Micha\u0142 Satowski z Lublina o warto\u015bci 17 000,00 z\u0142.<\/p>\n<p>W zwi\u0105zku z tym, \u017ce prace budowlane ju\u017c si\u0119 rozpocz\u0119\u0142y, prosimy wszystkich o wyrozumia\u0142o\u015b\u0107.<\/p>\n<p style=\"text-align: right;\"><strong>Aneta Sosn\u00f3wka; foto: Iga Czuba<\/strong><\/p>\n<p style=\"text-align: right;\"><strong><a href=\"https:\/\/powiatjanowski.pl\/ksztzaw\/wp-content\/uploads\/2021\/10\/podpisywanie-Resizer-800S.jpg\"><img loading=\"lazy\" decoding=\"async\" class=\"aligncenter wp-image-60\" src=\"https:\/\/powiatjanowski.pl\/ksztzaw\/wp-content\/uploads\/2021\/10\/podpisywanie-Resizer-800S.jpg\" alt=\"Obrazek przedstawia 8 ludzi siedz\u0105cych za jednym biurkiem \" width=\"353\" height=\"235\" \/><\/a><br \/>\n<\/strong><\/p>\n<p><a href=\"https:\/\/powiatjanowski.pl\/ksztzaw\/wp-content\/uploads\/2020\/04\/unia01.jpg\" rel=\"attachment wp-att-181\"><img loading=\"lazy\" decoding=\"async\" class=\"alignnone wp-image-181 size-full\" src=\"https:\/\/powiatjanowski.pl\/ksztzaw\/wp-content\/uploads\/2020\/04\/unia01.jpg\" alt=\"Grafika przedstawia flag\u0119 Poski i Unii Europejskiej razem z logotypami Programu Regionalnego Fundusze Europejskie i Lubelskie Smakuj \u017cycie\" width=\"2344\" height=\"322\" \/><\/a><\/p>\n","protected":false},"excerpt":{"rendered":"<p>Rozpocz\u0119\u0142a si\u0119 modernizacja pracowni na warsztatach szkolnych Zespo\u0142u Szk\u00f3\u0142 Technicznych w ramach projektu pt. ,,Poprawa infrastruktury kszta\u0142cenia zawodowego w szko\u0142ach Powiatu Janowskiego\u201d realizowanego w ramach Regionalnego Programu Operacyjnego Wojew\u00f3dztwa Lubelskiego na lata 2014-2020. Zadanie ma zosta\u0107 wykonane do ko\u0144ca wrze\u015bnia bie\u017c\u0105cego roku.<\/p>\n","protected":false},"author":2,"featured_media":0,"comment_status":"open","ping_status":"open","sticky":false,"template":"","format":"standard","meta":{"footnotes":""},"categories":[5],"tags":[],"class_list":["post-59","post","type-post","status-publish","format-standard","hentry","category-strona-glowna"],"_links":{"self":[{"href":"https:\/\/powiatjanowski.pl\/ksztzaw\/index.php?rest_route=\/wp\/v2\/posts\/59","targetHints":{"allow":["GET"]}}],"collection":[{"href":"https:\/\/powiatjanowski.pl\/ksztzaw\/index.php?rest_route=\/wp\/v2\/posts"}],"about":[{"href":"https:\/\/powiatjanowski.pl\/ksztzaw\/index.php?rest_route=\/wp\/v2\/types\/post"}],"author":[{"embeddable":true,"href":"https:\/\/powiatjanowski.pl\/ksztzaw\/index.php?rest_route=\/wp\/v2\/users\/2"}],"replies":[{"embeddable":true,"href":"https:\/\/powiatjanowski.pl\/ksztzaw\/index.php?rest_route=%2Fwp%2Fv2%2Fcomments&post=59"}],"version-history":[{"count":7,"href":"https:\/\/powiatjanowski.pl\/ksztzaw\/index.php?rest_route=\/wp\/v2\/posts\/59\/revisions"}],"predecessor-version":[{"id":188,"href":"https:\/\/powiatjanowski.pl\/ksztzaw\/index.php?rest_route=\/wp\/v2\/posts\/59\/revisions\/188"}],"wp:attachment":[{"href":"https:\/\/powiatjanowski.pl\/ksztzaw\/index.php?rest_route=%2Fwp%2Fv2%2Fmedia&parent=59"}],"wp:term":[{"taxonomy":"category","embeddable":true,"href":"https:\/\/powiatjanowski.pl\/ksztzaw\/index.php?rest_route=%2Fwp%2Fv2%2Fcategories&post=59"},{"taxonomy":"post_tag","embeddable":true,"href":"https:\/\/powiatjanowski.pl\/ksztzaw\/index.php?rest_route=%2Fwp%2Fv2%2Ftags&post=59"}],"curies":[{"name":"wp","href":"https:\/\/api.w.org\/{rel}","templated":true}]}}