{"id":1681,"date":"2026-04-23T14:29:30","date_gmt":"2026-04-23T12:29:30","guid":{"rendered":"https:\/\/powiatjanowski.pl\/neutralnosc-klimatyczna\/?p=1681"},"modified":"2026-04-23T14:37:10","modified_gmt":"2026-04-23T12:37:10","slug":"warsztaty-dla-przedstawicieli-spoldzielni-i-wspolnot-mieszkaniowych-w-ramach-projektu-pt-system-doradztwa-sprzyjajacy-osiagnieciu-neutralnosci-klimatycznej-w-powiecie-janowskim-22","status":"publish","type":"post","link":"https:\/\/powiatjanowski.pl\/neutralnosc-klimatyczna\/warsztaty-dla-przedstawicieli-spoldzielni-i-wspolnot-mieszkaniowych-w-ramach-projektu-pt-system-doradztwa-sprzyjajacy-osiagnieciu-neutralnosci-klimatycznej-w-powiecie-janowskim-22\/","title":{"rendered":"Warsztaty dla przedstawicieli sp\u00f3\u0142dzielni i wsp\u00f3lnot mieszkaniowych w ramach projektu pt. \u201eSystem doradztwa sprzyjaj\u0105cy osi\u0105gni\u0119ciu neutralno\u015bci klimatycznej w Powiecie Janowskim\u201d &#8211; 22-04-2026"},"content":{"rendered":"\t\t<div data-elementor-type=\"wp-post\" data-elementor-id=\"1681\" class=\"elementor elementor-1681\" data-elementor-post-type=\"post\">\n\t\t\t\t<div class=\"elementor-element elementor-element-76251e23 e-flex e-con-boxed wpr-particle-no wpr-jarallax-no wpr-parallax-no wpr-sticky-section-no e-con e-parent\" data-id=\"76251e23\" data-element_type=\"container\">\n\t\t\t\t\t<div class=\"e-con-inner\">\n\t\t\t\t<div class=\"elementor-element elementor-element-17e94191 elementor-widget elementor-widget-text-editor\" data-id=\"17e94191\" data-element_type=\"widget\" data-widget_type=\"text-editor.default\">\n\t\t\t\t<div class=\"elementor-widget-container\">\n\t\t\t\t\t\t\t\t\t\n<p>W dniu 22 kwietnia 2026 r. odby\u0142y si\u0119 warsztaty skierowane do przedstawicieli sp\u00f3\u0142dzielni i wsp\u00f3lnot mieszkaniowych w sali konferencyjnej Hotelu Jan\u00f3w. Warsztaty pt. \u201eNeutralno\u015b\u0107 klimatyczna w Powiecie Janowskim\u201d zosta\u0142y zorganizowane przez Powiat Janowski w ramach projektu pt. \u201eSystem doradztwa sprzyjaj\u0105cy osi\u0105gni\u0119ciu neutralno\u015bci klimatycznej w Powiecie Janowskim\u201d wsp\u00f3\u0142finansowanego przez Uni\u0119 Europejsk\u0105 w ramach programu Fundusze Europejskie dla Lubelskiego 2021-2027 Dzia\u0142anie 3.2. Dostosowanie do zmian klimatu i zapobieganie powodziom i suszy (typ projektu 5), Priorytetu III Ochrona zasob\u00f3w \u015brodowiska i klimatu. W wydarzeniu uczestniczyli przedstawiciele sp\u00f3\u0142dzielni i wsp\u00f3lnot mieszkaniowych \u00a0z Powiatu Janowskiego. Warsztaty poprowadzi\u0142a Monika Micha\u0142ek \u2013 Doradca klimatyczny Starostwa Powiatowego w Janowie Lubelskim. Uczestnik\u00f3w wydarzenia oraz zaproszonych go\u015bci powita\u0142 Starosta Janowski Pan Artur Pizo\u0144. Podczas przygotowanych warsztat\u00f3w swoje prelekcje wyg\u0142osili:<br \/>\u2013 Pan Kajetan Ko\u015bcik \u2013 doradca energetyczny z Wojew\u00f3dzkiego Funduszu Ochrony \u015arodowiska i Gospodarki Wodnej w Lublinie;<br \/>\u2013 Pan Andrzej Wawrzonek \u2013 Starszy Specjalista ds. projekt\u00f3w unijnych, Departament instrument\u00f3w finansowych BGK;<br \/>&#8211; Pan Dariusz Szozda \u2013 Koordynator ds. sieciowania M\u015aP i promocji gospodarczej Bi\u0142gorajska Agencja Rozwoju Regionalnego S.A., kt\u00f3rzy stanowili istotne wsparcie dziel\u0105c si\u0119 wiedz\u0105 i do\u015bwiadczeniem w zakresie finansowania dzia\u0142a\u0144 proklimatycznych.<\/p>\n\n<p>Mobilny Punkt Informacyjny Funduszy Europejskich Urz\u0119du Marsza\u0142kowskiego w Lublinie reprezentowa\u0142a Pani Magdalena Sulowska &#8211; Starszy inspektor Urz\u0119du Marsza\u0142kowskiego.<\/p>\n\n<p>Poruszone zosta\u0142y tematy dotycz\u0105ce m.in. Gospodarki niskoemisyjnej, termomodernizacji budynk\u00f3w mieszkalnych, odnawialnych \u017ar\u00f3de\u0142 energii, a tak\u017ce pozyskiwanie \u015brodk\u00f3w UE oraz po\u017cyczek unijnych w ramach dzia\u0142a\u0144 dotycz\u0105cych wspierania efektywno\u015bci energetycznej w sektorze mieszkaniowym. Warsztaty spotka\u0142y si\u0119 z du\u017cym zainteresowaniem i pozytywnym odbiorem ze strony uczestnik\u00f3w. Wydarzenie stworzy\u0142o doskona\u0142\u0105 przestrze\u0144 do wymiany wiedzy, do\u015bwiadcze\u0144 i dobrych praktyk pomi\u0119dzy sp\u00f3\u0142dzielni\u0105 mieszkaniow\u0105, a wsp\u00f3lnotami mieszkaniowymi \u00a0z Powiatu Janowskiego. Wydarzenie mia\u0142o charakter edukacyjno-doradczy i stanowi\u0142o wa\u017cny element realizacji projektu, kt\u00f3rego celem jest budowanie lokalnego systemu wsparcia na rzecz neutralno\u015bci klimatycznej.<\/p>\n\n<p>#FunduszeUE\u00a0 #FunduszeEuropejskie<\/p>\n\t\t\t\t\t\t\t\t<\/div>\n\t\t\t\t<\/div>\n\t\t\t\t\t<\/div>\n\t\t\t\t<\/div>\n\t\t<div class=\"elementor-element elementor-element-1de37c7 e-flex e-con-boxed wpr-particle-no wpr-jarallax-no wpr-parallax-no wpr-sticky-section-no e-con e-parent\" data-id=\"1de37c7\" data-element_type=\"container\">\n\t\t\t\t\t<div class=\"e-con-inner\">\n\t\t\t\t<div class=\"elementor-element elementor-element-3543479 elementor-widget elementor-widget-image\" data-id=\"3543479\" data-element_type=\"widget\" data-widget_type=\"image.default\">\n\t\t\t\t<div class=\"elementor-widget-container\">\n\t\t\t\t\t\t\t\t\t\t\t\t\t\t\t<img fetchpriority=\"high\" decoding=\"async\" width=\"1024\" height=\"109\" src=\"https:\/\/powiatjanowski.pl\/neutralnosc-klimatyczna\/wp-content\/uploads\/2025\/05\/FEL_logotyp_kolor_poziom-1024x109.png\" class=\"attachment-large size-large wp-image-43\" alt=\"\" srcset=\"https:\/\/powiatjanowski.pl\/neutralnosc-klimatyczna\/wp-content\/uploads\/2025\/05\/FEL_logotyp_kolor_poziom-1024x109.png 1024w, https:\/\/powiatjanowski.pl\/neutralnosc-klimatyczna\/wp-content\/uploads\/2025\/05\/FEL_logotyp_kolor_poziom-300x32.png 300w, https:\/\/powiatjanowski.pl\/neutralnosc-klimatyczna\/wp-content\/uploads\/2025\/05\/FEL_logotyp_kolor_poziom-768x82.png 768w, https:\/\/powiatjanowski.pl\/neutralnosc-klimatyczna\/wp-content\/uploads\/2025\/05\/FEL_logotyp_kolor_poziom-1536x163.png 1536w, https:\/\/powiatjanowski.pl\/neutralnosc-klimatyczna\/wp-content\/uploads\/2025\/05\/FEL_logotyp_kolor_poziom-2048x218.png 2048w\" sizes=\"(max-width: 1024px) 100vw, 1024px\" \/>\t\t\t\t\t\t\t\t\t\t\t\t\t\t\t<\/div>\n\t\t\t\t<\/div>\n\t\t\t\t\t<\/div>\n\t\t\t\t<\/div>\n\t\t<div class=\"elementor-element elementor-element-b9a88f3 e-flex e-con-boxed wpr-particle-no wpr-jarallax-no wpr-parallax-no wpr-sticky-section-no e-con e-parent\" data-id=\"b9a88f3\" data-element_type=\"container\">\n\t\t\t\t\t<div class=\"e-con-inner\">\n\t\t\t\t<div class=\"elementor-element elementor-element-5c5ed97 elementor-widget elementor-widget-gallery\" data-id=\"5c5ed97\" data-element_type=\"widget\" data-settings=\"{&quot;lazyload&quot;:&quot;yes&quot;,&quot;gallery_layout&quot;:&quot;grid&quot;,&quot;columns&quot;:4,&quot;columns_tablet&quot;:2,&quot;columns_mobile&quot;:1,&quot;gap&quot;:{&quot;unit&quot;:&quot;px&quot;,&quot;size&quot;:10,&quot;sizes&quot;:[]},&quot;gap_tablet&quot;:{&quot;unit&quot;:&quot;px&quot;,&quot;size&quot;:10,&quot;sizes&quot;:[]},&quot;gap_mobile&quot;:{&quot;unit&quot;:&quot;px&quot;,&quot;size&quot;:10,&quot;sizes&quot;:[]},&quot;link_to&quot;:&quot;file&quot;,&quot;aspect_ratio&quot;:&quot;3:2&quot;,&quot;overlay_background&quot;:&quot;yes&quot;,&quot;content_hover_animation&quot;:&quot;fade-in&quot;}\" data-widget_type=\"gallery.default\">\n\t\t\t\t<div class=\"elementor-widget-container\">\n\t\t\t\t\t\t\t<div class=\"elementor-gallery__container\">\n\t\t\t\t\t\t\t<a class=\"e-gallery-item elementor-gallery-item elementor-animated-content\" href=\"https:\/\/powiatjanowski.pl\/neutralnosc-klimatyczna\/wp-content\/uploads\/2026\/04\/1.-plakaty-na-drzwiach-sali-konferencyjnej-scaled.jpeg\" data-elementor-open-lightbox=\"yes\" data-elementor-lightbox-slideshow=\"5c5ed97\" data-elementor-lightbox-title=\"Plakaty \u201eSystem doradztwa sprzyjaj\u0105cy osi\u0105gni\u0119ciu neutralno\u015bci klimatycznej w Powiecie Janowskim\u201d wraz z zaproszeniem oraz programem na warsztaty dla przedstawicieli sp\u00f3\u0142dzielni i wsp\u00f3lnot mieszkaniowych na drzwiach wej\u015bciowych sali konferencyjnej Hotelu Jan\u00f3w\" data-e-action-hash=\"#elementor-action%3Aaction%3Dlightbox%26settings%3DeyJpZCI6MTY4MiwidXJsIjoiaHR0cHM6XC9cL3Bvd2lhdGphbm93c2tpLnBsXC9uZXV0cmFsbm9zYy1rbGltYXR5Y3puYVwvd3AtY29udGVudFwvdXBsb2Fkc1wvMjAyNlwvMDRcLzEuLXBsYWthdHktbmEtZHJ6d2lhY2gtc2FsaS1rb25mZXJlbmN5am5lai1zY2FsZWQuanBlZyIsInNsaWRlc2hvdyI6IjVjNWVkOTcifQ%3D%3D\">\n\t\t\t\t\t<div class=\"e-gallery-image elementor-gallery-item__image\" data-thumbnail=\"https:\/\/powiatjanowski.pl\/neutralnosc-klimatyczna\/wp-content\/uploads\/2026\/04\/1.-plakaty-na-drzwiach-sali-konferencyjnej-225x300.jpeg\" data-width=\"225\" data-height=\"300\" aria-label=\"Plakaty \u201eSystem doradztwa sprzyjaj\u0105cy osi\u0105gni\u0119ciu neutralno\u015bci klimatycznej w Powiecie Janowskim\u201d wraz z zaproszeniem oraz programem na warsztaty dla przedstawicieli sp\u00f3\u0142dzielni i wsp\u00f3lnot mieszkaniowych na drzwiach wej\u015bciowych sali konferencyjnej Hotelu Jan\u00f3w\" role=\"img\" ><\/div>\n\t\t\t\t\t\t\t\t\t\t\t<div class=\"elementor-gallery-item__overlay\"><\/div>\n\t\t\t\t\t\t\t\t\t\t\t\t\t\t<\/a>\n\t\t\t\t\t\t\t<a class=\"e-gallery-item elementor-gallery-item elementor-animated-content\" href=\"https:\/\/powiatjanowski.pl\/neutralnosc-klimatyczna\/wp-content\/uploads\/2026\/04\/2.Plakaty-na-drzwiach-wejsciowych-hotelu-scaled.jpeg\" data-elementor-open-lightbox=\"yes\" data-elementor-lightbox-slideshow=\"5c5ed97\" data-elementor-lightbox-title=\"Plakaty \u201eSystem doradztwa sprzyjaj\u0105cy osi\u0105gni\u0119ciu neutralno\u015bci klimatycznej w Powiecie Janowskim\u201d wraz z zaproszeniem oraz programem na warsztaty dla przedstawicieli sp\u00f3\u0142dzielni i wsp\u00f3lnot mieszkaniowych na drzwiach wej\u015bciowych Hotelu Jan\u00f3w\" data-e-action-hash=\"#elementor-action%3Aaction%3Dlightbox%26settings%3DeyJpZCI6MTY4MywidXJsIjoiaHR0cHM6XC9cL3Bvd2lhdGphbm93c2tpLnBsXC9uZXV0cmFsbm9zYy1rbGltYXR5Y3puYVwvd3AtY29udGVudFwvdXBsb2Fkc1wvMjAyNlwvMDRcLzIuUGxha2F0eS1uYS1kcnp3aWFjaC13ZWpzY2lvd3ljaC1ob3RlbHUtc2NhbGVkLmpwZWciLCJzbGlkZXNob3ciOiI1YzVlZDk3In0%3D\">\n\t\t\t\t\t<div class=\"e-gallery-image elementor-gallery-item__image\" data-thumbnail=\"https:\/\/powiatjanowski.pl\/neutralnosc-klimatyczna\/wp-content\/uploads\/2026\/04\/2.Plakaty-na-drzwiach-wejsciowych-hotelu-300x225.jpeg\" data-width=\"300\" data-height=\"225\" aria-label=\"Plakaty \u201eSystem doradztwa sprzyjaj\u0105cy osi\u0105gni\u0119ciu neutralno\u015bci klimatycznej w Powiecie Janowskim\u201d wraz z zaproszeniem oraz programem na warsztaty dla przedstawicieli sp\u00f3\u0142dzielni i wsp\u00f3lnot mieszkaniowych na drzwiach wej\u015bciowych Hotelu Jan\u00f3w\" role=\"img\" ><\/div>\n\t\t\t\t\t\t\t\t\t\t\t<div class=\"elementor-gallery-item__overlay\"><\/div>\n\t\t\t\t\t\t\t\t\t\t\t\t\t\t<\/a>\n\t\t\t\t\t\t\t<a class=\"e-gallery-item elementor-gallery-item elementor-animated-content\" href=\"https:\/\/powiatjanowski.pl\/neutralnosc-klimatyczna\/wp-content\/uploads\/2026\/04\/3.stanowisko-do-rejestracji-scaled.jpeg\" data-elementor-open-lightbox=\"yes\" data-elementor-lightbox-slideshow=\"5c5ed97\" data-elementor-lightbox-title=\"Stanowisko do rejestracji uczestnik\u00f3w warsztat\u00f3w sp\u00f3\u0142dzielni i wsp\u00f3lnot mieszkaniowych wraz z materia\u0142ami dydaktyczni doradcy klimatycznego\" data-e-action-hash=\"#elementor-action%3Aaction%3Dlightbox%26settings%3DeyJpZCI6MTY4NCwidXJsIjoiaHR0cHM6XC9cL3Bvd2lhdGphbm93c2tpLnBsXC9uZXV0cmFsbm9zYy1rbGltYXR5Y3puYVwvd3AtY29udGVudFwvdXBsb2Fkc1wvMjAyNlwvMDRcLzMuc3Rhbm93aXNrby1kby1yZWplc3RyYWNqaS1zY2FsZWQuanBlZyIsInNsaWRlc2hvdyI6IjVjNWVkOTcifQ%3D%3D\">\n\t\t\t\t\t<div class=\"e-gallery-image elementor-gallery-item__image\" data-thumbnail=\"https:\/\/powiatjanowski.pl\/neutralnosc-klimatyczna\/wp-content\/uploads\/2026\/04\/3.stanowisko-do-rejestracji-300x225.jpeg\" data-width=\"300\" data-height=\"225\" aria-label=\"Stanowisko do rejestracji uczestnik\u00f3w warsztat\u00f3w sp\u00f3\u0142dzielni i wsp\u00f3lnot mieszkaniowych wraz z materia\u0142ami dydaktyczni doradcy klimatycznego\" role=\"img\" ><\/div>\n\t\t\t\t\t\t\t\t\t\t\t<div class=\"elementor-gallery-item__overlay\"><\/div>\n\t\t\t\t\t\t\t\t\t\t\t\t\t\t<\/a>\n\t\t\t\t\t\t\t<a class=\"e-gallery-item elementor-gallery-item elementor-animated-content\" href=\"https:\/\/powiatjanowski.pl\/neutralnosc-klimatyczna\/wp-content\/uploads\/2026\/04\/4.fundusze-europejskie-stanowisko-scaled.jpg\" data-elementor-open-lightbox=\"yes\" data-elementor-lightbox-slideshow=\"5c5ed97\" data-elementor-lightbox-title=\"Stanowisko Funduszy Europejskich z Urz\u0119du Marsza\u0142kowskiego w Lublinie podczas warsztat\u00f3w dla przedstawicieli sp\u00f3\u0142dzielni i wsp\u00f3lnot mieszkaniowych\" data-e-action-hash=\"#elementor-action%3Aaction%3Dlightbox%26settings%3DeyJpZCI6MTY4NSwidXJsIjoiaHR0cHM6XC9cL3Bvd2lhdGphbm93c2tpLnBsXC9uZXV0cmFsbm9zYy1rbGltYXR5Y3puYVwvd3AtY29udGVudFwvdXBsb2Fkc1wvMjAyNlwvMDRcLzQuZnVuZHVzemUtZXVyb3BlanNraWUtc3Rhbm93aXNrby1zY2FsZWQuanBnIiwic2xpZGVzaG93IjoiNWM1ZWQ5NyJ9\">\n\t\t\t\t\t<div class=\"e-gallery-image elementor-gallery-item__image\" data-thumbnail=\"https:\/\/powiatjanowski.pl\/neutralnosc-klimatyczna\/wp-content\/uploads\/2026\/04\/4.fundusze-europejskie-stanowisko-225x300.jpg\" data-width=\"225\" data-height=\"300\" aria-label=\"Stanowisko Funduszy Europejskich z Urz\u0119du Marsza\u0142kowskiego w Lublinie podczas warsztat\u00f3w dla przedstawicieli sp\u00f3\u0142dzielni i wsp\u00f3lnot mieszkaniowych\" role=\"img\" ><\/div>\n\t\t\t\t\t\t\t\t\t\t\t<div class=\"elementor-gallery-item__overlay\"><\/div>\n\t\t\t\t\t\t\t\t\t\t\t\t\t\t<\/a>\n\t\t\t\t\t\t\t<a class=\"e-gallery-item elementor-gallery-item elementor-animated-content\" href=\"https:\/\/powiatjanowski.pl\/neutralnosc-klimatyczna\/wp-content\/uploads\/2026\/04\/5.-sala-na-warsztatach-przygotowanie-scaled.jpg\" data-elementor-open-lightbox=\"yes\" data-elementor-lightbox-slideshow=\"5c5ed97\" data-elementor-lightbox-title=\"Materia\u0142y dydaktyczne i stanowisko doradcy klimatycznego na warsztatach dla przedstawicieli sp\u00f3\u0142dzielni i wsp\u00f3lnot mieszkaniowych\" data-e-action-hash=\"#elementor-action%3Aaction%3Dlightbox%26settings%3DeyJpZCI6MTY4NiwidXJsIjoiaHR0cHM6XC9cL3Bvd2lhdGphbm93c2tpLnBsXC9uZXV0cmFsbm9zYy1rbGltYXR5Y3puYVwvd3AtY29udGVudFwvdXBsb2Fkc1wvMjAyNlwvMDRcLzUuLXNhbGEtbmEtd2Fyc3p0YXRhY2gtcHJ6eWdvdG93YW5pZS1zY2FsZWQuanBnIiwic2xpZGVzaG93IjoiNWM1ZWQ5NyJ9\">\n\t\t\t\t\t<div class=\"e-gallery-image elementor-gallery-item__image\" data-thumbnail=\"https:\/\/powiatjanowski.pl\/neutralnosc-klimatyczna\/wp-content\/uploads\/2026\/04\/5.-sala-na-warsztatach-przygotowanie-225x300.jpg\" data-width=\"225\" data-height=\"300\" aria-label=\"Materia\u0142y dydaktyczne i stanowisko doradcy klimatycznego na warsztatach dla przedstawicieli sp\u00f3\u0142dzielni i wsp\u00f3lnot mieszkaniowych\" role=\"img\" ><\/div>\n\t\t\t\t\t\t\t\t\t\t\t<div class=\"elementor-gallery-item__overlay\"><\/div>\n\t\t\t\t\t\t\t\t\t\t\t\t\t\t<\/a>\n\t\t\t\t\t\t\t<a class=\"e-gallery-item elementor-gallery-item elementor-animated-content\" href=\"https:\/\/powiatjanowski.pl\/neutralnosc-klimatyczna\/wp-content\/uploads\/2026\/04\/6.przemowienie-starosty-scaled.jpg\" data-elementor-open-lightbox=\"yes\" data-elementor-lightbox-slideshow=\"5c5ed97\" data-elementor-lightbox-title=\"Powitanie uczestnik\u00f3w wydarzenia i zaproszonych go\u015bci przez Starost\u0119 Janowskiego \u2013 Pana Artura Pizonia\" data-e-action-hash=\"#elementor-action%3Aaction%3Dlightbox%26settings%3DeyJpZCI6MTY4NywidXJsIjoiaHR0cHM6XC9cL3Bvd2lhdGphbm93c2tpLnBsXC9uZXV0cmFsbm9zYy1rbGltYXR5Y3puYVwvd3AtY29udGVudFwvdXBsb2Fkc1wvMjAyNlwvMDRcLzYucHJ6ZW1vd2llbmllLXN0YXJvc3R5LXNjYWxlZC5qcGciLCJzbGlkZXNob3ciOiI1YzVlZDk3In0%3D\">\n\t\t\t\t\t<div class=\"e-gallery-image elementor-gallery-item__image\" data-thumbnail=\"https:\/\/powiatjanowski.pl\/neutralnosc-klimatyczna\/wp-content\/uploads\/2026\/04\/6.przemowienie-starosty-225x300.jpg\" data-width=\"225\" data-height=\"300\" aria-label=\"Powitanie uczestnik\u00f3w wydarzenia i zaproszonych go\u015bci przez Starost\u0119 Janowskiego \u2013 Pana Artura Pizonia\" role=\"img\" ><\/div>\n\t\t\t\t\t\t\t\t\t\t\t<div class=\"elementor-gallery-item__overlay\"><\/div>\n\t\t\t\t\t\t\t\t\t\t\t\t\t\t<\/a>\n\t\t\t\t\t\t\t<a class=\"e-gallery-item elementor-gallery-item elementor-animated-content\" href=\"https:\/\/powiatjanowski.pl\/neutralnosc-klimatyczna\/wp-content\/uploads\/2026\/04\/7.przemowienie-starosty2-scaled.jpg\" data-elementor-open-lightbox=\"yes\" data-elementor-lightbox-slideshow=\"5c5ed97\" data-elementor-lightbox-title=\"Powitanie uczestnik\u00f3w wydarzenia i zaproszonych go\u015bci przez Starost\u0119 Janowskiego \u2013 Pana Artura Pizonia\" data-e-action-hash=\"#elementor-action%3Aaction%3Dlightbox%26settings%3DeyJpZCI6MTY4OCwidXJsIjoiaHR0cHM6XC9cL3Bvd2lhdGphbm93c2tpLnBsXC9uZXV0cmFsbm9zYy1rbGltYXR5Y3puYVwvd3AtY29udGVudFwvdXBsb2Fkc1wvMjAyNlwvMDRcLzcucHJ6ZW1vd2llbmllLXN0YXJvc3R5Mi1zY2FsZWQuanBnIiwic2xpZGVzaG93IjoiNWM1ZWQ5NyJ9\">\n\t\t\t\t\t<div class=\"e-gallery-image elementor-gallery-item__image\" data-thumbnail=\"https:\/\/powiatjanowski.pl\/neutralnosc-klimatyczna\/wp-content\/uploads\/2026\/04\/7.przemowienie-starosty2-300x225.jpg\" data-width=\"300\" data-height=\"225\" aria-label=\"Powitanie uczestnik\u00f3w wydarzenia i zaproszonych go\u015bci przez Starost\u0119 Janowskiego \u2013 Pana Artura Pizonia\" role=\"img\" ><\/div>\n\t\t\t\t\t\t\t\t\t\t\t<div class=\"elementor-gallery-item__overlay\"><\/div>\n\t\t\t\t\t\t\t\t\t\t\t\t\t\t<\/a>\n\t\t\t\t\t\t\t<a class=\"e-gallery-item elementor-gallery-item elementor-animated-content\" href=\"https:\/\/powiatjanowski.pl\/neutralnosc-klimatyczna\/wp-content\/uploads\/2026\/04\/8.przemowienie-doradcy-klimatycznego-scaled.jpg\" data-elementor-open-lightbox=\"yes\" data-elementor-lightbox-slideshow=\"5c5ed97\" data-elementor-lightbox-title=\"Doradca klimatyczny ze Starostwa Powiatowego w Janowie Lubelskim, przeprowadzaj\u0105cy warsztaty dla przedstawicieli sp\u00f3\u0142dzielni i wsp\u00f3lnot mieszkaniowych zorganizowanych przez Powiat Janowski\" data-e-action-hash=\"#elementor-action%3Aaction%3Dlightbox%26settings%3DeyJpZCI6MTY4OSwidXJsIjoiaHR0cHM6XC9cL3Bvd2lhdGphbm93c2tpLnBsXC9uZXV0cmFsbm9zYy1rbGltYXR5Y3puYVwvd3AtY29udGVudFwvdXBsb2Fkc1wvMjAyNlwvMDRcLzgucHJ6ZW1vd2llbmllLWRvcmFkY3kta2xpbWF0eWN6bmVnby1zY2FsZWQuanBnIiwic2xpZGVzaG93IjoiNWM1ZWQ5NyJ9\">\n\t\t\t\t\t<div class=\"e-gallery-image elementor-gallery-item__image\" data-thumbnail=\"https:\/\/powiatjanowski.pl\/neutralnosc-klimatyczna\/wp-content\/uploads\/2026\/04\/8.przemowienie-doradcy-klimatycznego-225x300.jpg\" data-width=\"225\" data-height=\"300\" aria-label=\"Doradca klimatyczny ze Starostwa Powiatowego w Janowie Lubelskim, przeprowadzaj\u0105cy warsztaty dla przedstawicieli sp\u00f3\u0142dzielni i wsp\u00f3lnot mieszkaniowych zorganizowanych przez Powiat Janowski\" role=\"img\" ><\/div>\n\t\t\t\t\t\t\t\t\t\t\t<div class=\"elementor-gallery-item__overlay\"><\/div>\n\t\t\t\t\t\t\t\t\t\t\t\t\t\t<\/a>\n\t\t\t\t\t\t\t<a class=\"e-gallery-item elementor-gallery-item elementor-animated-content\" href=\"https:\/\/powiatjanowski.pl\/neutralnosc-klimatyczna\/wp-content\/uploads\/2026\/04\/9.przemowienie-doradcy-scaled.jpg\" data-elementor-open-lightbox=\"yes\" data-elementor-lightbox-slideshow=\"5c5ed97\" data-elementor-lightbox-title=\"Doradca klimatyczny ze Starostwa Powiatowego w Janowie Lubelskim, przeprowadzaj\u0105cy warsztaty dla przedstawicieli sp\u00f3\u0142dzielni i wsp\u00f3lnot mieszkaniowych zorganizowanych przez Powiat Janowski\" data-e-action-hash=\"#elementor-action%3Aaction%3Dlightbox%26settings%3DeyJpZCI6MTY5MCwidXJsIjoiaHR0cHM6XC9cL3Bvd2lhdGphbm93c2tpLnBsXC9uZXV0cmFsbm9zYy1rbGltYXR5Y3puYVwvd3AtY29udGVudFwvdXBsb2Fkc1wvMjAyNlwvMDRcLzkucHJ6ZW1vd2llbmllLWRvcmFkY3ktc2NhbGVkLmpwZyIsInNsaWRlc2hvdyI6IjVjNWVkOTcifQ%3D%3D\">\n\t\t\t\t\t<div class=\"e-gallery-image elementor-gallery-item__image\" data-thumbnail=\"https:\/\/powiatjanowski.pl\/neutralnosc-klimatyczna\/wp-content\/uploads\/2026\/04\/9.przemowienie-doradcy-225x300.jpg\" data-width=\"225\" data-height=\"300\" aria-label=\"Doradca klimatyczny ze Starostwa Powiatowego w Janowie Lubelskim, przeprowadzaj\u0105cy warsztaty dla przedstawicieli sp\u00f3\u0142dzielni i wsp\u00f3lnot mieszkaniowych zorganizowanych przez Powiat Janowski\" role=\"img\" ><\/div>\n\t\t\t\t\t\t\t\t\t\t\t<div class=\"elementor-gallery-item__overlay\"><\/div>\n\t\t\t\t\t\t\t\t\t\t\t\t\t\t<\/a>\n\t\t\t\t\t\t\t<a class=\"e-gallery-item elementor-gallery-item elementor-animated-content\" href=\"https:\/\/powiatjanowski.pl\/neutralnosc-klimatyczna\/wp-content\/uploads\/2026\/04\/10.przemowienie-doradcy-scaled.jpg\" data-elementor-open-lightbox=\"yes\" data-elementor-lightbox-slideshow=\"5c5ed97\" data-elementor-lightbox-title=\"Doradca klimatyczny ze Starostwa Powiatowego w Janowie Lubelskim, przeprowadzaj\u0105cy warsztaty dla przedstawicieli sp\u00f3\u0142dzielni i wsp\u00f3lnot mieszkaniowych zorganizowanych przez Powiat Janowski\" data-e-action-hash=\"#elementor-action%3Aaction%3Dlightbox%26settings%3DeyJpZCI6MTY5MSwidXJsIjoiaHR0cHM6XC9cL3Bvd2lhdGphbm93c2tpLnBsXC9uZXV0cmFsbm9zYy1rbGltYXR5Y3puYVwvd3AtY29udGVudFwvdXBsb2Fkc1wvMjAyNlwvMDRcLzEwLnByemVtb3dpZW5pZS1kb3JhZGN5LXNjYWxlZC5qcGciLCJzbGlkZXNob3ciOiI1YzVlZDk3In0%3D\">\n\t\t\t\t\t<div class=\"e-gallery-image elementor-gallery-item__image\" data-thumbnail=\"https:\/\/powiatjanowski.pl\/neutralnosc-klimatyczna\/wp-content\/uploads\/2026\/04\/10.przemowienie-doradcy-225x300.jpg\" data-width=\"225\" data-height=\"300\" aria-label=\"Doradca klimatyczny ze Starostwa Powiatowego w Janowie Lubelskim, przeprowadzaj\u0105cy warsztaty dla przedstawicieli sp\u00f3\u0142dzielni i wsp\u00f3lnot mieszkaniowych zorganizowanych przez Powiat Janowski\" role=\"img\" ><\/div>\n\t\t\t\t\t\t\t\t\t\t\t<div class=\"elementor-gallery-item__overlay\"><\/div>\n\t\t\t\t\t\t\t\t\t\t\t\t\t\t<\/a>\n\t\t\t\t\t\t\t<a class=\"e-gallery-item elementor-gallery-item elementor-animated-content\" href=\"https:\/\/powiatjanowski.pl\/neutralnosc-klimatyczna\/wp-content\/uploads\/2026\/04\/11.przemowienie-doradcyyyy-scaled.jpg\" data-elementor-open-lightbox=\"yes\" data-elementor-lightbox-slideshow=\"5c5ed97\" data-elementor-lightbox-title=\"Doradca klimatyczny ze Starostwa Powiatowego w Janowie Lubelskim, przeprowadzaj\u0105cy warsztaty dla przedstawicieli sp\u00f3\u0142dzielni i wsp\u00f3lnot mieszkaniowych zorganizowanych przez Powiat Janowski\" data-e-action-hash=\"#elementor-action%3Aaction%3Dlightbox%26settings%3DeyJpZCI6MTY5MiwidXJsIjoiaHR0cHM6XC9cL3Bvd2lhdGphbm93c2tpLnBsXC9uZXV0cmFsbm9zYy1rbGltYXR5Y3puYVwvd3AtY29udGVudFwvdXBsb2Fkc1wvMjAyNlwvMDRcLzExLnByemVtb3dpZW5pZS1kb3JhZGN5eXl5LXNjYWxlZC5qcGciLCJzbGlkZXNob3ciOiI1YzVlZDk3In0%3D\">\n\t\t\t\t\t<div class=\"e-gallery-image elementor-gallery-item__image\" data-thumbnail=\"https:\/\/powiatjanowski.pl\/neutralnosc-klimatyczna\/wp-content\/uploads\/2026\/04\/11.przemowienie-doradcyyyy-300x225.jpg\" data-width=\"300\" data-height=\"225\" aria-label=\"Doradca klimatyczny ze Starostwa Powiatowego w Janowie Lubelskim, przeprowadzaj\u0105cy warsztaty dla przedstawicieli sp\u00f3\u0142dzielni i wsp\u00f3lnot mieszkaniowych zorganizowanych przez Powiat Janowski\" role=\"img\" ><\/div>\n\t\t\t\t\t\t\t\t\t\t\t<div class=\"elementor-gallery-item__overlay\"><\/div>\n\t\t\t\t\t\t\t\t\t\t\t\t\t\t<\/a>\n\t\t\t\t\t\t\t<a class=\"e-gallery-item elementor-gallery-item elementor-animated-content\" href=\"https:\/\/powiatjanowski.pl\/neutralnosc-klimatyczna\/wp-content\/uploads\/2026\/04\/12.przemowienie-doradcy-scaled.jpg\" data-elementor-open-lightbox=\"yes\" data-elementor-lightbox-slideshow=\"5c5ed97\" data-elementor-lightbox-title=\"Doradca klimatyczny ze Starostwa Powiatowego w Janowie Lubelskim, przeprowadzaj\u0105cy warsztaty dla przedstawicieli sp\u00f3\u0142dzielni i wsp\u00f3lnot mieszkaniowych zorganizowanych przez Powiat Janowski\" data-e-action-hash=\"#elementor-action%3Aaction%3Dlightbox%26settings%3DeyJpZCI6MTY5MywidXJsIjoiaHR0cHM6XC9cL3Bvd2lhdGphbm93c2tpLnBsXC9uZXV0cmFsbm9zYy1rbGltYXR5Y3puYVwvd3AtY29udGVudFwvdXBsb2Fkc1wvMjAyNlwvMDRcLzEyLnByemVtb3dpZW5pZS1kb3JhZGN5LXNjYWxlZC5qcGciLCJzbGlkZXNob3ciOiI1YzVlZDk3In0%3D\">\n\t\t\t\t\t<div class=\"e-gallery-image elementor-gallery-item__image\" data-thumbnail=\"https:\/\/powiatjanowski.pl\/neutralnosc-klimatyczna\/wp-content\/uploads\/2026\/04\/12.przemowienie-doradcy-300x225.jpg\" data-width=\"300\" data-height=\"225\" aria-label=\"Doradca klimatyczny ze Starostwa Powiatowego w Janowie Lubelskim, przeprowadzaj\u0105cy warsztaty dla przedstawicieli sp\u00f3\u0142dzielni i wsp\u00f3lnot mieszkaniowych zorganizowanych przez Powiat Janowski\" role=\"img\" ><\/div>\n\t\t\t\t\t\t\t\t\t\t\t<div class=\"elementor-gallery-item__overlay\"><\/div>\n\t\t\t\t\t\t\t\t\t\t\t\t\t\t<\/a>\n\t\t\t\t\t\t\t<a class=\"e-gallery-item elementor-gallery-item elementor-animated-content\" href=\"https:\/\/powiatjanowski.pl\/neutralnosc-klimatyczna\/wp-content\/uploads\/2026\/04\/13.przemowienie-doradcyyyyy-scaled.jpg\" data-elementor-open-lightbox=\"yes\" data-elementor-lightbox-slideshow=\"5c5ed97\" data-elementor-lightbox-title=\"Doradca klimatyczny ze Starostwa Powiatowego w Janowie Lubelskim, przeprowadzaj\u0105cy warsztaty dla przedstawicieli sp\u00f3\u0142dzielni i wsp\u00f3lnot mieszkaniowych zorganizowanych przez Powiat Janowski\" data-e-action-hash=\"#elementor-action%3Aaction%3Dlightbox%26settings%3DeyJpZCI6MTY5NCwidXJsIjoiaHR0cHM6XC9cL3Bvd2lhdGphbm93c2tpLnBsXC9uZXV0cmFsbm9zYy1rbGltYXR5Y3puYVwvd3AtY29udGVudFwvdXBsb2Fkc1wvMjAyNlwvMDRcLzEzLnByemVtb3dpZW5pZS1kb3JhZGN5eXl5eS1zY2FsZWQuanBnIiwic2xpZGVzaG93IjoiNWM1ZWQ5NyJ9\">\n\t\t\t\t\t<div class=\"e-gallery-image elementor-gallery-item__image\" data-thumbnail=\"https:\/\/powiatjanowski.pl\/neutralnosc-klimatyczna\/wp-content\/uploads\/2026\/04\/13.przemowienie-doradcyyyyy-300x225.jpg\" data-width=\"300\" data-height=\"225\" aria-label=\"Doradca klimatyczny ze Starostwa Powiatowego w Janowie Lubelskim, przeprowadzaj\u0105cy warsztaty dla przedstawicieli sp\u00f3\u0142dzielni i wsp\u00f3lnot mieszkaniowych zorganizowanych przez Powiat Janowski\" role=\"img\" ><\/div>\n\t\t\t\t\t\t\t\t\t\t\t<div class=\"elementor-gallery-item__overlay\"><\/div>\n\t\t\t\t\t\t\t\t\t\t\t\t\t\t<\/a>\n\t\t\t\t\t\t\t<a class=\"e-gallery-item elementor-gallery-item elementor-animated-content\" href=\"https:\/\/powiatjanowski.pl\/neutralnosc-klimatyczna\/wp-content\/uploads\/2026\/04\/14.uczestnicy-warsztatow-scaled.jpg\" data-elementor-open-lightbox=\"yes\" data-elementor-lightbox-slideshow=\"5c5ed97\" data-elementor-lightbox-title=\"Przedstawiciele sp\u00f3\u0142dzielni i wsp\u00f3lnot mieszkaniowych z Powiatu Janowskiego podczas warsztat\u00f3w zorganizowanych przez Powiat Janowski w ramach projektu \u201eSystem doradztwa sprzyjaj\u0105cy osi\u0105gni\u0119ciu neutralno\u015bci klimatycznej w Powiecie Janowskim\u201d\" data-e-action-hash=\"#elementor-action%3Aaction%3Dlightbox%26settings%3DeyJpZCI6MTY5NSwidXJsIjoiaHR0cHM6XC9cL3Bvd2lhdGphbm93c2tpLnBsXC9uZXV0cmFsbm9zYy1rbGltYXR5Y3puYVwvd3AtY29udGVudFwvdXBsb2Fkc1wvMjAyNlwvMDRcLzE0LnVjemVzdG5pY3ktd2Fyc3p0YXRvdy1zY2FsZWQuanBnIiwic2xpZGVzaG93IjoiNWM1ZWQ5NyJ9\">\n\t\t\t\t\t<div class=\"e-gallery-image elementor-gallery-item__image\" data-thumbnail=\"https:\/\/powiatjanowski.pl\/neutralnosc-klimatyczna\/wp-content\/uploads\/2026\/04\/14.uczestnicy-warsztatow-300x225.jpg\" data-width=\"300\" data-height=\"225\" aria-label=\"Przedstawiciele sp\u00f3\u0142dzielni i wsp\u00f3lnot mieszkaniowych z Powiatu Janowskiego podczas warsztat\u00f3w zorganizowanych przez Powiat Janowski w ramach projektu \u201eSystem doradztwa sprzyjaj\u0105cy osi\u0105gni\u0119ciu neutralno\u015bci klimatycznej w Powiecie Janowskim\u201d\" role=\"img\" ><\/div>\n\t\t\t\t\t\t\t\t\t\t\t<div class=\"elementor-gallery-item__overlay\"><\/div>\n\t\t\t\t\t\t\t\t\t\t\t\t\t\t<\/a>\n\t\t\t\t\t\t\t<a class=\"e-gallery-item elementor-gallery-item elementor-animated-content\" href=\"https:\/\/powiatjanowski.pl\/neutralnosc-klimatyczna\/wp-content\/uploads\/2026\/04\/15.prelekcja-kajetan-scaled.jpeg\" data-elementor-open-lightbox=\"yes\" data-elementor-lightbox-slideshow=\"5c5ed97\" data-elementor-lightbox-title=\"Doradca energetyczny z Wojew\u00f3dzkiego Funduszu Ochrony \u015arodowiska i Gospodarki Wodnej w Lublinie, podczas prelekcji w trakcie trwania warsztat\u00f3w dla przedstawicieli sp\u00f3\u0142dzielni i wsp\u00f3lnot mieszkaniowych zorganizowanych przez Powiat Janowski\" data-e-action-hash=\"#elementor-action%3Aaction%3Dlightbox%26settings%3DeyJpZCI6MTcwMCwidXJsIjoiaHR0cHM6XC9cL3Bvd2lhdGphbm93c2tpLnBsXC9uZXV0cmFsbm9zYy1rbGltYXR5Y3puYVwvd3AtY29udGVudFwvdXBsb2Fkc1wvMjAyNlwvMDRcLzE1LnByZWxla2NqYS1rYWpldGFuLXNjYWxlZC5qcGVnIiwic2xpZGVzaG93IjoiNWM1ZWQ5NyJ9\">\n\t\t\t\t\t<div class=\"e-gallery-image elementor-gallery-item__image\" data-thumbnail=\"https:\/\/powiatjanowski.pl\/neutralnosc-klimatyczna\/wp-content\/uploads\/2026\/04\/15.prelekcja-kajetan-300x225.jpeg\" data-width=\"300\" data-height=\"225\" aria-label=\"Doradca energetyczny z Wojew\u00f3dzkiego Funduszu Ochrony \u015arodowiska i Gospodarki Wodnej w Lublinie, podczas prelekcji w trakcie trwania warsztat\u00f3w dla przedstawicieli sp\u00f3\u0142dzielni i wsp\u00f3lnot mieszkaniowych zorganizowanych przez Powiat Janowski\" role=\"img\" ><\/div>\n\t\t\t\t\t\t\t\t\t\t\t<div class=\"elementor-gallery-item__overlay\"><\/div>\n\t\t\t\t\t\t\t\t\t\t\t\t\t\t<\/a>\n\t\t\t\t\t\t\t<a class=\"e-gallery-item elementor-gallery-item elementor-animated-content\" href=\"https:\/\/powiatjanowski.pl\/neutralnosc-klimatyczna\/wp-content\/uploads\/2026\/04\/16.prelekcja-wawrzonek-scaled.jpeg\" data-elementor-open-lightbox=\"yes\" data-elementor-lightbox-slideshow=\"5c5ed97\" data-elementor-lightbox-title=\"Specjalista ds. projekt\u00f3w unijnych Departamentu instrument\u00f3w finansowych z Banku Gospodarstwa Krajowego, podczas prelekcji w trakcie trwania warsztat\u00f3w dla przedstawicieli sp\u00f3\u0142dzielni i wsp\u00f3lnot mieszkaniowych zorganizowanych przez Powiat Janowski\" data-e-action-hash=\"#elementor-action%3Aaction%3Dlightbox%26settings%3DeyJpZCI6MTY5NiwidXJsIjoiaHR0cHM6XC9cL3Bvd2lhdGphbm93c2tpLnBsXC9uZXV0cmFsbm9zYy1rbGltYXR5Y3puYVwvd3AtY29udGVudFwvdXBsb2Fkc1wvMjAyNlwvMDRcLzE2LnByZWxla2NqYS13YXdyem9uZWstc2NhbGVkLmpwZWciLCJzbGlkZXNob3ciOiI1YzVlZDk3In0%3D\">\n\t\t\t\t\t<div class=\"e-gallery-image elementor-gallery-item__image\" data-thumbnail=\"https:\/\/powiatjanowski.pl\/neutralnosc-klimatyczna\/wp-content\/uploads\/2026\/04\/16.prelekcja-wawrzonek-300x225.jpeg\" data-width=\"300\" data-height=\"225\" aria-label=\"Specjalista ds. projekt\u00f3w unijnych Departamentu instrument\u00f3w finansowych z Banku Gospodarstwa Krajowego, podczas prelekcji w trakcie trwania warsztat\u00f3w dla przedstawicieli sp\u00f3\u0142dzielni i wsp\u00f3lnot mieszkaniowych zorganizowanych przez Powiat Janowski\" role=\"img\" ><\/div>\n\t\t\t\t\t\t\t\t\t\t\t<div class=\"elementor-gallery-item__overlay\"><\/div>\n\t\t\t\t\t\t\t\t\t\t\t\t\t\t<\/a>\n\t\t\t\t\t\t\t<a class=\"e-gallery-item elementor-gallery-item elementor-animated-content\" href=\"https:\/\/powiatjanowski.pl\/neutralnosc-klimatyczna\/wp-content\/uploads\/2026\/04\/17.prelekcja-szozda-scaled.jpeg\" data-elementor-open-lightbox=\"yes\" data-elementor-lightbox-slideshow=\"5c5ed97\" data-elementor-lightbox-title=\"Koordynator promocji gospodarczej z Bi\u0142gorajskiej Agencji Rozwoju Regionalnego, podczas prelekcji w trakcie trwania warsztat\u00f3w dla przedstawicieli sp\u00f3\u0142dzielni i wsp\u00f3lnot mieszkaniowych zorganizowanych przez Powiat Janowski\" data-e-action-hash=\"#elementor-action%3Aaction%3Dlightbox%26settings%3DeyJpZCI6MTY5NywidXJsIjoiaHR0cHM6XC9cL3Bvd2lhdGphbm93c2tpLnBsXC9uZXV0cmFsbm9zYy1rbGltYXR5Y3puYVwvd3AtY29udGVudFwvdXBsb2Fkc1wvMjAyNlwvMDRcLzE3LnByZWxla2NqYS1zem96ZGEtc2NhbGVkLmpwZWciLCJzbGlkZXNob3ciOiI1YzVlZDk3In0%3D\">\n\t\t\t\t\t<div class=\"e-gallery-image elementor-gallery-item__image\" data-thumbnail=\"https:\/\/powiatjanowski.pl\/neutralnosc-klimatyczna\/wp-content\/uploads\/2026\/04\/17.prelekcja-szozda-300x225.jpeg\" data-width=\"300\" data-height=\"225\" aria-label=\"Koordynator promocji gospodarczej z Bi\u0142gorajskiej Agencji Rozwoju Regionalnego, podczas prelekcji w trakcie trwania warsztat\u00f3w dla przedstawicieli sp\u00f3\u0142dzielni i wsp\u00f3lnot mieszkaniowych zorganizowanych przez Powiat Janowski\" role=\"img\" ><\/div>\n\t\t\t\t\t\t\t\t\t\t\t<div class=\"elementor-gallery-item__overlay\"><\/div>\n\t\t\t\t\t\t\t\t\t\t\t\t\t\t<\/a>\n\t\t\t\t\t\t\t<a class=\"e-gallery-item elementor-gallery-item elementor-animated-content\" href=\"https:\/\/powiatjanowski.pl\/neutralnosc-klimatyczna\/wp-content\/uploads\/2026\/04\/18.zdjecie-wspolne-z-uczestnikami-i-prelegentami-scaled.jpeg\" data-elementor-open-lightbox=\"yes\" data-elementor-lightbox-slideshow=\"5c5ed97\" data-elementor-lightbox-title=\"Wsp\u00f3lne zdj\u0119cie uczestnik\u00f3w warsztat\u00f3w dla przedstawicieli sp\u00f3\u0142dzielni i wsp\u00f3lnot mieszkaniowych zorganizowanych przez Powiat Janowski\" data-e-action-hash=\"#elementor-action%3Aaction%3Dlightbox%26settings%3DeyJpZCI6MTY5OCwidXJsIjoiaHR0cHM6XC9cL3Bvd2lhdGphbm93c2tpLnBsXC9uZXV0cmFsbm9zYy1rbGltYXR5Y3puYVwvd3AtY29udGVudFwvdXBsb2Fkc1wvMjAyNlwvMDRcLzE4LnpkamVjaWUtd3Nwb2xuZS16LXVjemVzdG5pa2FtaS1pLXByZWxlZ2VudGFtaS1zY2FsZWQuanBlZyIsInNsaWRlc2hvdyI6IjVjNWVkOTcifQ%3D%3D\">\n\t\t\t\t\t<div class=\"e-gallery-image elementor-gallery-item__image\" data-thumbnail=\"https:\/\/powiatjanowski.pl\/neutralnosc-klimatyczna\/wp-content\/uploads\/2026\/04\/18.zdjecie-wspolne-z-uczestnikami-i-prelegentami-300x225.jpeg\" data-width=\"300\" data-height=\"225\" aria-label=\"Wsp\u00f3lne zdj\u0119cie uczestnik\u00f3w warsztat\u00f3w dla przedstawicieli sp\u00f3\u0142dzielni i wsp\u00f3lnot mieszkaniowych zorganizowanych przez Powiat Janowski\" role=\"img\" ><\/div>\n\t\t\t\t\t\t\t\t\t\t\t<div class=\"elementor-gallery-item__overlay\"><\/div>\n\t\t\t\t\t\t\t\t\t\t\t\t\t\t<\/a>\n\t\t\t\t\t\t\t<a class=\"e-gallery-item elementor-gallery-item elementor-animated-content\" href=\"https:\/\/powiatjanowski.pl\/neutralnosc-klimatyczna\/wp-content\/uploads\/2026\/04\/19.zdjecie-wspolne-z-prelegentami-scaled.jpeg\" data-elementor-open-lightbox=\"yes\" data-elementor-lightbox-slideshow=\"5c5ed97\" data-elementor-lightbox-title=\"Wsp\u00f3lne zdj\u0119cie doradcy klimatycznego ze Starostwa Powiatowego w Janowie Lubelskim wraz z zaproszonymi go\u015b\u0107mi:  przedstawicielem Urz\u0119du Marsza\u0142kowskiego, przedstawicielem Wojew\u00f3dzkiego Funduszu Ochrony \u015arodowiska i Gospodarki Wodnej w Lublinie, przedstawicielami Banku Gospodarstwa krajowego oraz przedstawicielem Bi\u0142gorajskiej Agencji Rozwoju Regionalnego\" data-e-action-hash=\"#elementor-action%3Aaction%3Dlightbox%26settings%3DeyJpZCI6MTY5OSwidXJsIjoiaHR0cHM6XC9cL3Bvd2lhdGphbm93c2tpLnBsXC9uZXV0cmFsbm9zYy1rbGltYXR5Y3puYVwvd3AtY29udGVudFwvdXBsb2Fkc1wvMjAyNlwvMDRcLzE5LnpkamVjaWUtd3Nwb2xuZS16LXByZWxlZ2VudGFtaS1zY2FsZWQuanBlZyIsInNsaWRlc2hvdyI6IjVjNWVkOTcifQ%3D%3D\">\n\t\t\t\t\t<div class=\"e-gallery-image elementor-gallery-item__image\" data-thumbnail=\"https:\/\/powiatjanowski.pl\/neutralnosc-klimatyczna\/wp-content\/uploads\/2026\/04\/19.zdjecie-wspolne-z-prelegentami-300x225.jpeg\" data-width=\"300\" data-height=\"225\" aria-label=\"Wsp\u00f3lne zdj\u0119cie doradcy klimatycznego ze Starostwa Powiatowego w Janowie Lubelskim wraz z zaproszonymi go\u015b\u0107mi: przedstawicielem Urz\u0119du Marsza\u0142kowskiego, przedstawicielem Wojew\u00f3dzkiego Funduszu Ochrony \u015arodowiska i Gospodarki Wodnej w Lublinie, przedstawicielami Banku Gospodarstwa krajowego oraz przedstawicielem Bi\u0142gorajskiej Agencji Rozwoju Regionalnego\" role=\"img\" ><\/div>\n\t\t\t\t\t\t\t\t\t\t\t<div class=\"elementor-gallery-item__overlay\"><\/div>\n\t\t\t\t\t\t\t\t\t\t\t\t\t\t<\/a>\n\t\t\t\t\t<\/div>\n\t\t\t\t\t<\/div>\n\t\t\t\t<\/div>\n\t\t\t\t\t<\/div>\n\t\t\t\t<\/div>\n\t\t\t\t<\/div>\n\t\t","protected":false},"excerpt":{"rendered":"<p>W dniu 22 kwietnia 2026 r. odby\u0142y si\u0119 warsztaty skierowane do przedstawicieli sp\u00f3\u0142dzielni i wsp\u00f3lnot mieszkaniowych w sali konferencyjnej Hotelu Jan\u00f3w. Warsztaty pt. \u201eNeutralno\u015b\u0107 klimatyczna w Powiecie Janowskim\u201d zosta\u0142y zorganizowane przez Powiat Janowski w ramach projektu pt. \u201eSystem doradztwa sprzyjaj\u0105cy osi\u0105gni\u0119ciu neutralno\u015bci klimatycznej w Powiecie Janowskim\u201d wsp\u00f3\u0142finansowanego przez Uni\u0119 Europejsk\u0105 w ramach programu Fundusze Europejskie dla Lubelskiego 2021-2027 Dzia\u0142anie 3.2. Dostosowanie do zmian klimatu i zapobieganie powodziom i suszy (typ projektu 5), Priorytetu III Ochrona zasob\u00f3w \u015brodowiska i klimatu. W wydarzeniu uczestniczyli przedstawiciele sp\u00f3\u0142dzielni i wsp\u00f3lnot mieszkaniowych \u00a0z Powiatu Janowskiego. Warsztaty poprowadzi\u0142a Monika Micha\u0142ek \u2013 Doradca klimatyczny Starostwa Powiatowego w Janowie Lubelskim. Uczestnik\u00f3w wydarzenia oraz zaproszonych go\u015bci powita\u0142 Starosta Janowski Pan Artur Pizo\u0144. Podczas przygotowanych warsztat\u00f3w swoje prelekcje wyg\u0142osili:\u2013 Pan Kajetan Ko\u015bcik \u2013 doradca energetyczny z Wojew\u00f3dzkiego Funduszu Ochrony \u015arodowiska i Gospodarki Wodnej w Lublinie;\u2013 Pan Andrzej Wawrzonek \u2013 Starszy Specjalista ds. projekt\u00f3w unijnych, Departament instrument\u00f3w finansowych BGK;&#8211; Pan Dariusz Szozda \u2013 Koordynator ds. sieciowania M\u015aP i promocji gospodarczej Bi\u0142gorajska Agencja Rozwoju Regionalnego S.A., kt\u00f3rzy stanowili istotne wsparcie dziel\u0105c si\u0119 wiedz\u0105 i do\u015bwiadczeniem w zakresie finansowania dzia\u0142a\u0144 proklimatycznych. Mobilny Punkt Informacyjny Funduszy Europejskich Urz\u0119du Marsza\u0142kowskiego w Lublinie reprezentowa\u0142a Pani Magdalena Sulowska &#8211; Starszy inspektor Urz\u0119du Marsza\u0142kowskiego. Poruszone zosta\u0142y tematy dotycz\u0105ce m.in. Gospodarki niskoemisyjnej, termomodernizacji budynk\u00f3w mieszkalnych, odnawialnych \u017ar\u00f3de\u0142 energii, a tak\u017ce pozyskiwanie \u015brodk\u00f3w UE oraz po\u017cyczek unijnych w ramach dzia\u0142a\u0144 dotycz\u0105cych wspierania efektywno\u015bci energetycznej w sektorze mieszkaniowym. Warsztaty spotka\u0142y si\u0119 z du\u017cym zainteresowaniem i pozytywnym odbiorem ze strony uczestnik\u00f3w. Wydarzenie stworzy\u0142o doskona\u0142\u0105 przestrze\u0144 do wymiany wiedzy, do\u015bwiadcze\u0144 i dobrych praktyk pomi\u0119dzy sp\u00f3\u0142dzielni\u0105 mieszkaniow\u0105, a wsp\u00f3lnotami mieszkaniowymi \u00a0z Powiatu Janowskiego. Wydarzenie mia\u0142o charakter edukacyjno-doradczy i stanowi\u0142o wa\u017cny element realizacji projektu, kt\u00f3rego celem jest budowanie lokalnego systemu wsparcia na rzecz neutralno\u015bci klimatycznej. #FunduszeUE\u00a0 #FunduszeEuropejskie<\/p>\n","protected":false},"author":1,"featured_media":1692,"comment_status":"closed","ping_status":"open","sticky":false,"template":"","format":"standard","meta":{"ocean_post_layout":"","ocean_both_sidebars_style":"","ocean_both_sidebars_content_width":0,"ocean_both_sidebars_sidebars_width":0,"ocean_sidebar":"","ocean_second_sidebar":"","ocean_disable_margins":"enable","ocean_add_body_class":"","ocean_shortcode_before_top_bar":"","ocean_shortcode_after_top_bar":"","ocean_shortcode_before_header":"","ocean_shortcode_after_header":"","ocean_has_shortcode":"","ocean_shortcode_after_title":"","ocean_shortcode_before_footer_widgets":"","ocean_shortcode_after_footer_widgets":"","ocean_shortcode_before_footer_bottom":"","ocean_shortcode_after_footer_bottom":"","ocean_display_top_bar":"default","ocean_display_header":"default","ocean_header_style":"","ocean_center_header_left_menu":"","ocean_custom_header_template":"","ocean_custom_logo":0,"ocean_custom_retina_logo":0,"ocean_custom_logo_max_width":0,"ocean_custom_logo_tablet_max_width":0,"ocean_custom_logo_mobile_max_width":0,"ocean_custom_logo_max_height":0,"ocean_custom_logo_tablet_max_height":0,"ocean_custom_logo_mobile_max_height":0,"ocean_header_custom_menu":"","ocean_menu_typo_font_family":"","ocean_menu_typo_font_subset":"","ocean_menu_typo_font_size":0,"ocean_menu_typo_font_size_tablet":0,"ocean_menu_typo_font_size_mobile":0,"ocean_menu_typo_font_size_unit":"px","ocean_menu_typo_font_weight":"","ocean_menu_typo_font_weight_tablet":"","ocean_menu_typo_font_weight_mobile":"","ocean_menu_typo_transform":"","ocean_menu_typo_transform_tablet":"","ocean_menu_typo_transform_mobile":"","ocean_menu_typo_line_height":0,"ocean_menu_typo_line_height_tablet":0,"ocean_menu_typo_line_height_mobile":0,"ocean_menu_typo_line_height_unit":"","ocean_menu_typo_spacing":0,"ocean_menu_typo_spacing_tablet":0,"ocean_menu_typo_spacing_mobile":0,"ocean_menu_typo_spacing_unit":"","ocean_menu_link_color":"","ocean_menu_link_color_hover":"","ocean_menu_link_color_active":"","ocean_menu_link_background":"","ocean_menu_link_hover_background":"","ocean_menu_link_active_background":"","ocean_menu_social_links_bg":"","ocean_menu_social_hover_links_bg":"","ocean_menu_social_links_color":"","ocean_menu_social_hover_links_color":"","ocean_disable_title":"default","ocean_disable_heading":"default","ocean_post_title":"","ocean_post_subheading":"","ocean_post_title_style":"","ocean_post_title_background_color":"","ocean_post_title_background":0,"ocean_post_title_bg_image_position":"","ocean_post_title_bg_image_attachment":"","ocean_post_title_bg_image_repeat":"","ocean_post_title_bg_image_size":"","ocean_post_title_height":0,"ocean_post_title_bg_overlay":0.5,"ocean_post_title_bg_overlay_color":"","ocean_disable_breadcrumbs":"default","ocean_breadcrumbs_color":"","ocean_breadcrumbs_separator_color":"","ocean_breadcrumbs_links_color":"","ocean_breadcrumbs_links_hover_color":"","ocean_display_footer_widgets":"default","ocean_display_footer_bottom":"default","ocean_custom_footer_template":"","ocean_post_oembed":"","ocean_post_self_hosted_media":"","ocean_post_video_embed":"","ocean_link_format":"","ocean_link_format_target":"self","ocean_quote_format":"","ocean_quote_format_link":"post","ocean_gallery_link_images":"on","ocean_gallery_id":[],"footnotes":""},"categories":[7],"tags":[],"class_list":["post-1681","post","type-post","status-publish","format-standard","has-post-thumbnail","hentry","category-aktualnosci","entry","has-media"],"_links":{"self":[{"href":"https:\/\/powiatjanowski.pl\/neutralnosc-klimatyczna\/wp-json\/wp\/v2\/posts\/1681","targetHints":{"allow":["GET"]}}],"collection":[{"href":"https:\/\/powiatjanowski.pl\/neutralnosc-klimatyczna\/wp-json\/wp\/v2\/posts"}],"about":[{"href":"https:\/\/powiatjanowski.pl\/neutralnosc-klimatyczna\/wp-json\/wp\/v2\/types\/post"}],"author":[{"embeddable":true,"href":"https:\/\/powiatjanowski.pl\/neutralnosc-klimatyczna\/wp-json\/wp\/v2\/users\/1"}],"replies":[{"embeddable":true,"href":"https:\/\/powiatjanowski.pl\/neutralnosc-klimatyczna\/wp-json\/wp\/v2\/comments?post=1681"}],"version-history":[{"count":10,"href":"https:\/\/powiatjanowski.pl\/neutralnosc-klimatyczna\/wp-json\/wp\/v2\/posts\/1681\/revisions"}],"predecessor-version":[{"id":1724,"href":"https:\/\/powiatjanowski.pl\/neutralnosc-klimatyczna\/wp-json\/wp\/v2\/posts\/1681\/revisions\/1724"}],"wp:featuredmedia":[{"embeddable":true,"href":"https:\/\/powiatjanowski.pl\/neutralnosc-klimatyczna\/wp-json\/wp\/v2\/media\/1692"}],"wp:attachment":[{"href":"https:\/\/powiatjanowski.pl\/neutralnosc-klimatyczna\/wp-json\/wp\/v2\/media?parent=1681"}],"wp:term":[{"taxonomy":"category","embeddable":true,"href":"https:\/\/powiatjanowski.pl\/neutralnosc-klimatyczna\/wp-json\/wp\/v2\/categories?post=1681"},{"taxonomy":"post_tag","embeddable":true,"href":"https:\/\/powiatjanowski.pl\/neutralnosc-klimatyczna\/wp-json\/wp\/v2\/tags?post=1681"}],"curies":[{"name":"wp","href":"https:\/\/api.w.org\/{rel}","templated":true}]}}