{"id":1727,"date":"2026-04-24T09:07:55","date_gmt":"2026-04-24T07:07:55","guid":{"rendered":"https:\/\/powiatjanowski.pl\/neutralnosc-klimatyczna\/?p=1727"},"modified":"2026-04-24T09:16:18","modified_gmt":"2026-04-24T07:16:18","slug":"gospodarka-niskoemisyjna-w-kontekscie-polityki-rozwoju-zrownowazonego-termomodernizacja-budynkow-mieszkalnych","status":"publish","type":"post","link":"https:\/\/powiatjanowski.pl\/neutralnosc-klimatyczna\/gospodarka-niskoemisyjna-w-kontekscie-polityki-rozwoju-zrownowazonego-termomodernizacja-budynkow-mieszkalnych\/","title":{"rendered":"Gospodarka niskoemisyjna w kontek\u015bcie polityki rozwoju zr\u00f3wnowa\u017conego. Termomodernizacja budynk\u00f3w mieszkalnych"},"content":{"rendered":"\t\t<div data-elementor-type=\"wp-post\" data-elementor-id=\"1727\" class=\"elementor elementor-1727\" data-elementor-post-type=\"post\">\n\t\t\t\t<div class=\"elementor-element elementor-element-04eb164 e-flex e-con-boxed wpr-particle-no wpr-jarallax-no wpr-parallax-no wpr-sticky-section-no e-con e-parent\" data-id=\"04eb164\" data-element_type=\"container\">\n\t\t\t\t\t<div class=\"e-con-inner\">\n\t\t\t\t<div class=\"elementor-element elementor-element-0365da6 elementor-widget elementor-widget-button\" data-id=\"0365da6\" data-element_type=\"widget\" data-widget_type=\"button.default\">\n\t\t\t\t<div class=\"elementor-widget-container\">\n\t\t\t\t\t\t\t\t\t<div class=\"elementor-button-wrapper\">\n\t\t\t\t\t<a class=\"elementor-button elementor-button-link elementor-size-sm\" href=\"https:\/\/powiatjanowski.pl\/neutralnosc-klimatyczna\/wp-content\/uploads\/2026\/04\/Gospodarka-niskoemisyjna-w-kontekscie-polityki-rozwoju-zrownowazonego.-Termomodernizacja-budynkow-mieszkalnych.pdf\">\n\t\t\t\t\t\t<span class=\"elementor-button-content-wrapper\">\n\t\t\t\t\t\t\t\t\t<span class=\"elementor-button-text\">Pobierz prezentacj\u0119 \"Gospodarka niskoemisyjna w kontek\u015bcie polityki rozwoju zr\u00f3wnowa\u017conego. Termomodernizacja budynk\u00f3w mieszkalnych\"<\/span>\n\t\t\t\t\t<\/span>\n\t\t\t\t\t<\/a>\n\t\t\t\t<\/div>\n\t\t\t\t\t\t\t\t<\/div>\n\t\t\t\t<\/div>\n\t\t\t\t<div class=\"elementor-element elementor-element-674f30d elementor-widget elementor-widget-image\" data-id=\"674f30d\" data-element_type=\"widget\" data-widget_type=\"image.default\">\n\t\t\t\t<div class=\"elementor-widget-container\">\n\t\t\t\t\t\t\t\t\t\t\t\t\t\t\t\t<a href=\"https:\/\/powiatjanowski.pl\/neutralnosc-klimatyczna\/wp-content\/uploads\/2026\/04\/Gospodarka-niskoemisyjna-w-kontekscie-polityki-rozwoju-zrownowazonego.-Termomodernizacja-budynkow-mieszkalnych.pdf\">\n\t\t\t\t\t\t\t<img fetchpriority=\"high\" decoding=\"async\" width=\"1024\" height=\"576\" src=\"https:\/\/powiatjanowski.pl\/neutralnosc-klimatyczna\/wp-content\/uploads\/2026\/04\/Dokument0-1024x576.jpg\" class=\"attachment-large size-large wp-image-1728\" alt=\"\" srcset=\"https:\/\/powiatjanowski.pl\/neutralnosc-klimatyczna\/wp-content\/uploads\/2026\/04\/Dokument0-1024x576.jpg 1024w, https:\/\/powiatjanowski.pl\/neutralnosc-klimatyczna\/wp-content\/uploads\/2026\/04\/Dokument0-300x169.jpg 300w, https:\/\/powiatjanowski.pl\/neutralnosc-klimatyczna\/wp-content\/uploads\/2026\/04\/Dokument0-768x432.jpg 768w, https:\/\/powiatjanowski.pl\/neutralnosc-klimatyczna\/wp-content\/uploads\/2026\/04\/Dokument0-800x450.jpg 800w, https:\/\/powiatjanowski.pl\/neutralnosc-klimatyczna\/wp-content\/uploads\/2026\/04\/Dokument0.jpg 1500w\" sizes=\"(max-width: 1024px) 100vw, 1024px\" \/>\t\t\t\t\t\t\t\t<\/a>\n\t\t\t\t\t\t\t\t\t\t\t\t\t\t\t<\/div>\n\t\t\t\t<\/div>\n\t\t\t\t\t<\/div>\n\t\t\t\t<\/div>\n\t\t\t\t<\/div>\n\t\t","protected":false},"excerpt":{"rendered":"<p>Pobierz prezentacj\u0119 &#8222;Gospodarka niskoemisyjna w kontek\u015bcie polityki rozwoju zr\u00f3wnowa\u017conego. Termomodernizacja budynk\u00f3w mieszkalnych&#8221;<\/p>\n","protected":false},"author":1,"featured_media":1728,"comment_status":"closed","ping_status":"open","sticky":false,"template":"","format":"standard","meta":{"ocean_post_layout":"","ocean_both_sidebars_style":"","ocean_both_sidebars_content_width":0,"ocean_both_sidebars_sidebars_width":0,"ocean_sidebar":"","ocean_second_sidebar":"","ocean_disable_margins":"enable","ocean_add_body_class":"","ocean_shortcode_before_top_bar":"","ocean_shortcode_after_top_bar":"","ocean_shortcode_before_header":"","ocean_shortcode_after_header":"","ocean_has_shortcode":"","ocean_shortcode_after_title":"","ocean_shortcode_before_footer_widgets":"","ocean_shortcode_after_footer_widgets":"","ocean_shortcode_before_footer_bottom":"","ocean_shortcode_after_footer_bottom":"","ocean_display_top_bar":"default","ocean_display_header":"default","ocean_header_style":"","ocean_center_header_left_menu":"","ocean_custom_header_template":"","ocean_custom_logo":0,"ocean_custom_retina_logo":0,"ocean_custom_logo_max_width":0,"ocean_custom_logo_tablet_max_width":0,"ocean_custom_logo_mobile_max_width":0,"ocean_custom_logo_max_height":0,"ocean_custom_logo_tablet_max_height":0,"ocean_custom_logo_mobile_max_height":0,"ocean_header_custom_menu":"","ocean_menu_typo_font_family":"","ocean_menu_typo_font_subset":"","ocean_menu_typo_font_size":0,"ocean_menu_typo_font_size_tablet":0,"ocean_menu_typo_font_size_mobile":0,"ocean_menu_typo_font_size_unit":"px","ocean_menu_typo_font_weight":"","ocean_menu_typo_font_weight_tablet":"","ocean_menu_typo_font_weight_mobile":"","ocean_menu_typo_transform":"","ocean_menu_typo_transform_tablet":"","ocean_menu_typo_transform_mobile":"","ocean_menu_typo_line_height":0,"ocean_menu_typo_line_height_tablet":0,"ocean_menu_typo_line_height_mobile":0,"ocean_menu_typo_line_height_unit":"","ocean_menu_typo_spacing":0,"ocean_menu_typo_spacing_tablet":0,"ocean_menu_typo_spacing_mobile":0,"ocean_menu_typo_spacing_unit":"","ocean_menu_link_color":"","ocean_menu_link_color_hover":"","ocean_menu_link_color_active":"","ocean_menu_link_background":"","ocean_menu_link_hover_background":"","ocean_menu_link_active_background":"","ocean_menu_social_links_bg":"","ocean_menu_social_hover_links_bg":"","ocean_menu_social_links_color":"","ocean_menu_social_hover_links_color":"","ocean_disable_title":"default","ocean_disable_heading":"default","ocean_post_title":"","ocean_post_subheading":"","ocean_post_title_style":"","ocean_post_title_background_color":"","ocean_post_title_background":0,"ocean_post_title_bg_image_position":"","ocean_post_title_bg_image_attachment":"","ocean_post_title_bg_image_repeat":"","ocean_post_title_bg_image_size":"","ocean_post_title_height":0,"ocean_post_title_bg_overlay":0.5,"ocean_post_title_bg_overlay_color":"","ocean_disable_breadcrumbs":"default","ocean_breadcrumbs_color":"","ocean_breadcrumbs_separator_color":"","ocean_breadcrumbs_links_color":"","ocean_breadcrumbs_links_hover_color":"","ocean_display_footer_widgets":"default","ocean_display_footer_bottom":"default","ocean_custom_footer_template":"","ocean_post_oembed":"","ocean_post_self_hosted_media":"","ocean_post_video_embed":"","ocean_link_format":"","ocean_link_format_target":"self","ocean_quote_format":"","ocean_quote_format_link":"post","ocean_gallery_link_images":"on","ocean_gallery_id":[],"footnotes":""},"categories":[10],"tags":[],"class_list":["post-1727","post","type-post","status-publish","format-standard","has-post-thumbnail","hentry","category-baza-wiedzy","entry","has-media"],"_links":{"self":[{"href":"https:\/\/powiatjanowski.pl\/neutralnosc-klimatyczna\/wp-json\/wp\/v2\/posts\/1727","targetHints":{"allow":["GET"]}}],"collection":[{"href":"https:\/\/powiatjanowski.pl\/neutralnosc-klimatyczna\/wp-json\/wp\/v2\/posts"}],"about":[{"href":"https:\/\/powiatjanowski.pl\/neutralnosc-klimatyczna\/wp-json\/wp\/v2\/types\/post"}],"author":[{"embeddable":true,"href":"https:\/\/powiatjanowski.pl\/neutralnosc-klimatyczna\/wp-json\/wp\/v2\/users\/1"}],"replies":[{"embeddable":true,"href":"https:\/\/powiatjanowski.pl\/neutralnosc-klimatyczna\/wp-json\/wp\/v2\/comments?post=1727"}],"version-history":[{"count":3,"href":"https:\/\/powiatjanowski.pl\/neutralnosc-klimatyczna\/wp-json\/wp\/v2\/posts\/1727\/revisions"}],"predecessor-version":[{"id":1731,"href":"https:\/\/powiatjanowski.pl\/neutralnosc-klimatyczna\/wp-json\/wp\/v2\/posts\/1727\/revisions\/1731"}],"wp:featuredmedia":[{"embeddable":true,"href":"https:\/\/powiatjanowski.pl\/neutralnosc-klimatyczna\/wp-json\/wp\/v2\/media\/1728"}],"wp:attachment":[{"href":"https:\/\/powiatjanowski.pl\/neutralnosc-klimatyczna\/wp-json\/wp\/v2\/media?parent=1727"}],"wp:term":[{"taxonomy":"category","embeddable":true,"href":"https:\/\/powiatjanowski.pl\/neutralnosc-klimatyczna\/wp-json\/wp\/v2\/categories?post=1727"},{"taxonomy":"post_tag","embeddable":true,"href":"https:\/\/powiatjanowski.pl\/neutralnosc-klimatyczna\/wp-json\/wp\/v2\/tags?post=1727"}],"curies":[{"name":"wp","href":"https:\/\/api.w.org\/{rel}","templated":true}]}}